{"id":163908,"date":"2025-06-09T19:15:15","date_gmt":"2025-06-09T19:15:15","guid":{"rendered":"https:\/\/www.europesays.com\/fr\/163908\/"},"modified":"2025-06-09T19:15:15","modified_gmt":"2025-06-09T19:15:15","slug":"charles-leclerc-exhorte-a-saisir-la-victoire-face-a-hamilton-lors-dun-affrontement-dramatique","status":"publish","type":"post","link":"https:\/\/www.europesays.com\/fr\/163908\/","title":{"rendered":"Charles Leclerc exhort\u00e9 \u00e0 saisir la victoire face \u00e0 Hamilton lors d&rsquo;un affrontement dramatique."},"content":{"rendered":"<p>Champion du monde de Formule 1 exhorte Leclerc \u00e0 exploiter la faiblesse de Hamilton<\/p>\n<\/p>\n<p>Dans un tournant palpitant de la saison de Formule 1, Charles Leclerc a r\u00e9ussi \u00e0 repousser la concurrence f\u00e9roce de nul autre que le septuple champion du monde, Lewis Hamilton. Le jeune pilote a non seulement r\u00e9ussi \u00e0 maintenir Hamilton \u00e0 distance, mais il l\u2019a \u00e9galement devanc\u00e9 dans presque toutes les courses de cette ann\u00e9e, prouvant qu\u2019il est un concurrent redoutable dans le monde du sport automobile.<\/p>\n<p>L\u2019ancien pilote de Formule 1 et champion du monde, Nico Rosberg, est d\u00e9sormais entr\u00e9 dans la m\u00eal\u00e9e, exhortant Leclerc \u00e0 capitaliser sur les faiblesses de Hamilton et \u00e0 faire un mouvement d\u00e9cisif pour renforcer sa position au classement du championnat. Le conseil de Rosberg constitue un encouragement strat\u00e9gique pour Leclerc afin qu\u2019il saisisse chaque opportunit\u00e9 de surpasser son rival et de solidifier sa domination sur la piste.<\/p>\n<p>Avec la tension qui monte et la comp\u00e9tition qui s\u2019intensifie, tous les regards sont tourn\u00e9s vers Leclerc alors qu\u2019il navigue dans le monde \u00e0 enjeux \u00e9lev\u00e9s de la course de Formule 1. Va-t-il tenir compte des conseils de Rosberg et faire un mouvement audacieux pour d\u00e9jouer Hamilton, ou le champion chevronn\u00e9 prouvera-t-il \u00eatre une force insurmontable ? Seul l\u2019avenir nous le dira alors que les courses pleines d\u2019adr\u00e9naline continuent de se d\u00e9rouler, promettant aux fans un spectacle de vitesse, de comp\u00e9tence et de strat\u00e9gie sur les pistes du monde entier.<\/p>\n","protected":false},"excerpt":{"rendered":"Champion du monde de Formule 1 exhorte Leclerc \u00e0 exploiter la faiblesse de Hamilton Dans un tournant palpitant&hellip;\n","protected":false},"author":2,"featured_media":163909,"comment_status":"","ping_status":"","sticky":false,"template":"","format":"standard","meta":{"footnotes":""},"categories":[1412],"tags":[2240,1451,1452,1453,1454,1455,1011,27,60],"class_list":{"0":"post-163908","1":"post","2":"type-post","3":"status-publish","4":"format-standard","5":"has-post-thumbnail","7":"category-f1","8":"tag-charles-leclerc","9":"tag-f1","10":"tag-formula-1","11":"tag-formula1","12":"tag-formule-1","13":"tag-formule1","14":"tag-fr","15":"tag-france","16":"tag-sports"},"share_on_mastodon":{"url":"https:\/\/pubeurope.com\/@fr\/114655010695607039","error":""},"_links":{"self":[{"href":"https:\/\/www.europesays.com\/fr\/wp-json\/wp\/v2\/posts\/163908","targetHints":{"allow":["GET"]}}],"collection":[{"href":"https:\/\/www.europesays.com\/fr\/wp-json\/wp\/v2\/posts"}],"about":[{"href":"https:\/\/www.europesays.com\/fr\/wp-json\/wp\/v2\/types\/post"}],"author":[{"embeddable":true,"href":"https:\/\/www.europesays.com\/fr\/wp-json\/wp\/v2\/users\/2"}],"replies":[{"embeddable":true,"href":"https:\/\/www.europesays.com\/fr\/wp-json\/wp\/v2\/comments?post=163908"}],"version-history":[{"count":0,"href":"https:\/\/www.europesays.com\/fr\/wp-json\/wp\/v2\/posts\/163908\/revisions"}],"wp:featuredmedia":[{"embeddable":true,"href":"https:\/\/www.europesays.com\/fr\/wp-json\/wp\/v2\/media\/163909"}],"wp:attachment":[{"href":"https:\/\/www.europesays.com\/fr\/wp-json\/wp\/v2\/media?parent=163908"}],"wp:term":[{"taxonomy":"category","embeddable":true,"href":"https:\/\/www.europesays.com\/fr\/wp-json\/wp\/v2\/categories?post=163908"},{"taxonomy":"post_tag","embeddable":true,"href":"https:\/\/www.europesays.com\/fr\/wp-json\/wp\/v2\/tags?post=163908"}],"curies":[{"name":"wp","href":"https:\/\/api.w.org\/{rel}","templated":true}]}}