{"id":163916,"date":"2025-06-09T19:19:18","date_gmt":"2025-06-09T19:19:18","guid":{"rendered":"https:\/\/www.europesays.com\/fr\/163916\/"},"modified":"2025-06-09T19:19:18","modified_gmt":"2025-06-09T19:19:18","slug":"don-mccullin-une-legende-de-la-photo-a-la-gacilly","status":"publish","type":"post","link":"https:\/\/www.europesays.com\/fr\/163916\/","title":{"rendered":"Don McCullin, une l\u00e9gende de la photo \u00e0 La Gacilly"},"content":{"rendered":"<p>La d\u00e9sillusion. Au cr\u00e9puscule de sa vie, voici le sentiment qui habite Don McCullin. En remontant le fil de ses 40 ans de photographies de guerre qui s\u2019affichent, depuis le 1er juin, en grand format, au festival de La Gacilly (56), Don McCullin ne peut s\u2019emp\u00eacher de s\u2019interroger et de faire un parall\u00e8le avec l\u2019\u00e9tat du monde actuel. \u00ab Quand je vois la trag\u00e9die en ce moment \u00e0 Gaza\u2026 Mais dans quel monde vivons-nous ? \u00bb <\/p>\n<p>Pendant quatre d\u00e9cennies, le photographe britannique a parcouru le globe avec ses appareils reflex Nikon pour couvrir les principaux conflits de la seconde moiti\u00e9 du XXe si\u00e8cle. Chypre, Vietnam, Moyen-Orient, Congo, Irak\u2026 Don McCullin \u00e9tait partout l\u00e0 o\u00f9 les hommes se d\u00e9chiraient, s\u2019entretuaient, mouraient de faim\u2026 Ses photos ont \u00e9t\u00e9 publi\u00e9es dans la presse internationale et maintes fois r\u00e9compens\u00e9es par des prix prestigieux comme le World Press Photo.<\/p>\n<blockquote><p>Je n\u2019ai jamais choisi la photographie. Je pense que c\u2019est la photographie qui m\u2019a choisi<\/p><\/blockquote>\n<p>\u00ab Mes photos n\u2019ont rien chang\u00e9 \u00bb<\/p>\n<p>\u00ab \u00c0 l\u2019\u00e9poque, je pensais que mes photos pouvaient faire changer les choses mais \u00e7a a \u00e9t\u00e9 une perte de temps, car cela n\u2019a rien chang\u00e9, raconte aujourd\u2019hui, avec beaucoup d\u2019amertume et de col\u00e8re, l\u2019homme bient\u00f4t \u00e2g\u00e9 de 90 ans. Il y a une guerre chaque ann\u00e9e. De plus en plus de gens meurent, de plus en plus de gens souffrent. Cela n\u2019a aucun sens id\u00e9ologique, c\u2019est d\u00e9routant. \u00bb<\/p>\n<p><img decoding=\"async\" src=\"https:\/\/www.europesays.com\/fr\/wp-content\/uploads\/2025\/06\/6845de5d8540c670b40837c3.1.jpeg\" width=\"480\" height=\"300\" class=\"web_golden_m\" loading=\"lazy\" alt=\"Ici \u00e0 droite, sa c\u00e9l\u00e8bre photo prise \u00e0 Chypre en 1964 qui lui a valu un World Press Photo.\"\/>Ici \u00e0 droite, sa c\u00e9l\u00e8bre photo prise \u00e0 Chypre en 1964 qui lui a valu un World Press Photo. (Photo Lionel Le Saux)<\/p>\n<p>En arpentant son exposition r\u00e9trospective en plein air \u00e0 La Gacilly, Don McCullin ne s\u2019attarde pas longtemps sur ses photos mythiques de conflits qui lui ont valu sa grande r\u00e9putation. Comme celle du marine am\u00e9ricain en \u00e9tat de choc au sud Vietnam, en 1968, ou encore celle de la femme turque pleurant la mort de son mari, \u00e0 Chypre, en 1964.<\/p>\n<p>Le reporter anglais se pla\u00eet plut\u00f4t \u00e0 commenter ses premiers clich\u00e9s pris \u00e0 Londres, dans les ann\u00e9es 1950, dans le quartier populaire de Finsbury Park, o\u00f9 il a grandi. Sur une photo, une petite fille pauvre sourit devant l\u2019objectif en poussant une brouette pleine de linges au milieu de carcasses de voitures. \u00ab C\u2019\u00e9tait un matin, avant qu\u2019elle aille \u00e0 l\u2019\u00e9cole. J\u2019\u00e9tais au bon endroit, au bon moment \u00bb, se rem\u00e9more le photographe, qui s\u2019int\u00e9resse tr\u00e8s t\u00f4t aux populations d\u00e9favoris\u00e9es.<\/p>\n<p><img decoding=\"async\" src=\"https:\/\/www.europesays.com\/fr\/wp-content\/uploads\/2025\/06\/6845de5df767464c6502be94.1.jpeg\" width=\"480\" height=\"300\" class=\"web_golden_m\" loading=\"lazy\" alt=\"Depuis les ann\u00e9es 1990, Don McCullin photographie surtout des paysages, des sculptures antiques et des natures mortes.\"\/>Depuis les ann\u00e9es 1990, Don McCullin photographie surtout des paysages, des sculptures antiques et des natures mortes. (Photo Lionel Le Saux)Autodidacte, il apprend sur le terrain<\/p>\n<p>Sa carri\u00e8re d\u00e9bute \u00ab un peu par accident. \u00bb En 1959, une de ses photos du gang \u00ab The Guvnors \u00bb est publi\u00e9e par The Observer apr\u00e8s le meurtre d\u2019un policier. \u00ab Je n\u2019ai jamais choisi la photographie. Je pense que c\u2019est la photographie qui m\u2019a choisi. \u00bb. Il compose de mani\u00e8re instinctive, presque inn\u00e9e. Sans connaissance particuli\u00e8re dans le domaine. L\u2019homme apprend le m\u00e9tier, seul, sur le terrain.<\/p>\n<p>La suite, c\u2019est donc cette carri\u00e8re l\u00e9gendaire pass\u00e9e \u00e0 risquer sa vie pour informer le monde sur des atrocit\u00e9s commises aux quatre coins de la plan\u00e8te. Don McCullin revient plusieurs fois gri\u00e8vement bless\u00e9. Et sa vie personnelle en p\u00e2tit. \u00ab Sur le plan familial, j\u2019ai d\u00fb payer un prix \u00e9norme \u00e0 cause de mes absences. J\u2019ai eu trois femmes diff\u00e9rentes et cinq enfants \u00bb, reconna\u00eet le photojournaliste.<\/p>\n<p><img decoding=\"async\" src=\"https:\/\/www.europesays.com\/fr\/wp-content\/uploads\/2025\/06\/6845de5d3d1011d4f806ad93.1.jpeg\" width=\"480\" height=\"300\" class=\"web_golden_m\" loading=\"lazy\" alt=\"Jean-Fran\u00e7ois Leroy, directeur du festival de photojournalisme Visa pour l\u2019image, de Perpignan, \u00e9tait le premier \u00e0 venir saluer Don McCullin, samedi 7 juin, \u00e0 sa s\u00e9ance de d\u00e9dicaces organis\u00e9e \u00e0 La Gacilly.\"\/>Jean-Fran\u00e7ois Leroy, directeur du festival de photojournalisme Visa pour l\u2019image, de Perpignan, \u00e9tait le premier \u00e0 venir saluer Don McCullin, samedi 7 juin, \u00e0 sa s\u00e9ance de d\u00e9dicaces organis\u00e9e \u00e0 La Gacilly. (Photo Lionel Le Saux)Se tourne vers la photographie de paysage<\/p>\n<p>\u00c0 partir des ann\u00e9es 1990, l\u2019homme aspire \u00e0 plus de calme. Fini la douleur et les souffrances. Don McCullin se consacre alors surtout \u00e0 la photographie de paysage. Toujours en noir et blanc. Cette partie de son travail est \u00e9galement pr\u00e9sent\u00e9e \u00e0 La Gacilly, dans un second espace d\u00e9di\u00e9.<\/p>\n<p>\u00ab J\u2019ai finalement d\u00e9couvert la paix, ce qui est bien plus beau et bien plus important, commente le Britannique devant ses photos. J\u2019utilise ma cr\u00e9ativit\u00e9. Cela m\u2019apporte plus de bonheur. \u00bb Don McCullin photographie la campagne anglaise pr\u00e8s de chez lui, dans le Somerset. Il s\u2019int\u00e9resse aussi aux sites arch\u00e9ologiques. Il revient tout juste d\u2019un dernier reportage pour le Times sur les vestiges de Palmyre, en Syrie, d\u00e9truits par l\u2019\u00c9tat islamique en 2015. Une autre fa\u00e7on de montrer la guerre et son absurdit\u00e9.<\/p>\n<p>Pratique <\/p>\n<p class=\"note\">Festival photo de La Gacilly (56). Th\u00e8me \u00ab So British \u00bb. Jusqu\u2019au 5 octobre. Gratuit.<\/p>\n","protected":false},"excerpt":{"rendered":"La d\u00e9sillusion. Au cr\u00e9puscule de sa vie, voici le sentiment qui habite Don McCullin. En remontant le fil&hellip;\n","protected":false},"author":2,"featured_media":163917,"comment_status":"","ping_status":"","sticky":false,"template":"","format":"standard","meta":{"footnotes":""},"categories":[1358],"tags":[11,1348,1384,1385,829,2120,872,1386,58,59,3293,849,3337,1011,27,1146,29668,3729,1756],"class_list":{"0":"post-163916","1":"post","2":"type-post","3":"status-publish","4":"format-standard","5":"has-post-thumbnail","7":"category-arts-et-design","8":"tag-actualites","9":"tag-arts","10":"tag-arts-and-design","11":"tag-arts-et-design","12":"tag-bretagne","13":"tag-conflit","14":"tag-culture-et-loisirs","15":"tag-design","16":"tag-divertissement","17":"tag-entertainment","18":"tag-exposition","19":"tag-festival","20":"tag-festivals","21":"tag-fr","22":"tag-france","23":"tag-guerre","24":"tag-la-gacilly","25":"tag-morbihan","26":"tag-photographie"},"share_on_mastodon":{"url":"https:\/\/pubeurope.com\/@fr\/114655026589603866","error":""},"_links":{"self":[{"href":"https:\/\/www.europesays.com\/fr\/wp-json\/wp\/v2\/posts\/163916","targetHints":{"allow":["GET"]}}],"collection":[{"href":"https:\/\/www.europesays.com\/fr\/wp-json\/wp\/v2\/posts"}],"about":[{"href":"https:\/\/www.europesays.com\/fr\/wp-json\/wp\/v2\/types\/post"}],"author":[{"embeddable":true,"href":"https:\/\/www.europesays.com\/fr\/wp-json\/wp\/v2\/users\/2"}],"replies":[{"embeddable":true,"href":"https:\/\/www.europesays.com\/fr\/wp-json\/wp\/v2\/comments?post=163916"}],"version-history":[{"count":0,"href":"https:\/\/www.europesays.com\/fr\/wp-json\/wp\/v2\/posts\/163916\/revisions"}],"wp:featuredmedia":[{"embeddable":true,"href":"https:\/\/www.europesays.com\/fr\/wp-json\/wp\/v2\/media\/163917"}],"wp:attachment":[{"href":"https:\/\/www.europesays.com\/fr\/wp-json\/wp\/v2\/media?parent=163916"}],"wp:term":[{"taxonomy":"category","embeddable":true,"href":"https:\/\/www.europesays.com\/fr\/wp-json\/wp\/v2\/categories?post=163916"},{"taxonomy":"post_tag","embeddable":true,"href":"https:\/\/www.europesays.com\/fr\/wp-json\/wp\/v2\/tags?post=163916"}],"curies":[{"name":"wp","href":"https:\/\/api.w.org\/{rel}","templated":true}]}}