{"id":163928,"date":"2025-06-09T19:26:09","date_gmt":"2025-06-09T19:26:09","guid":{"rendered":"https:\/\/www.europesays.com\/fr\/163928\/"},"modified":"2025-06-09T19:26:09","modified_gmt":"2025-06-09T19:26:09","slug":"je-taime-je-taimerai-toujours-olivier-minne-son-enorme-declaration-a-une-animatrice-tele-lors-de-ses-adieux","status":"publish","type":"post","link":"https:\/\/www.europesays.com\/fr\/163928\/","title":{"rendered":"\u00ab\u00a0Je t\u2019aime, je t\u2019aimerai toujours\u00a0\u00bb, Olivier Minne, son \u00e9norme d\u00e9claration \u00e0 une animatrice t\u00e9l\u00e9 lors de ses adieux"},"content":{"rendered":"<p>Presque 10 ans de collaboration, \u00e7a compte. Depuis 2017, <a href=\"https:\/\/www.public.fr\/tag\/olivier-minne\" rel=\"nofollow noopener\" target=\"_blank\">Olivier Minne<\/a> et <a href=\"https:\/\/vsd.fr\/48760-je-men-sors-incroyablement-bien-sidonie-bonnec-revient-sur-ce-grave-accident-dont-elle-a-ete-victime\/\" rel=\"nofollow noopener\" target=\"_blank\">Sidonie Bonnec<\/a> pr\u00e9sentent le jeu quotidien de France 2, <strong>\u00ab\u00a0Tout le monde \u00e0 son mot \u00e0 dire\u00a0\u00bb<\/strong>. En 8 ans de collaboration, les deux animateurs ont nou\u00e9 une belle relation et s\u2019appr\u00e9cient mutuellement.\u00a0<\/p>\n<p>C\u2019est pourquoi, l\u2019animateur belge a souhait\u00e9 faire une tendre d\u00e9claration \u00e0 sa partenaire \u00e0 l\u2019occasion du <a href=\"https:\/\/www.public.fr\/olivier-minne-a-officiellement-quitte-france-2-apres-36-ans-lanimateur-sest-effondre-pour-son-dernier-tournage\" rel=\"nofollow noopener\" target=\"_blank\">tournage de son dernier num\u00e9ro<\/a>. Pour rappel, d\u2019ici quelques mois, le pr\u00e9sentateur embl\u00e9matique de <strong>\u00ab\u00a0Fort Boyard\u00a0\u00bb<\/strong> va quitter France T\u00e9l\u00e9visions pour rejoindre M6.\u00a0<\/p>\n<p>Olivier Minne a mis en bo\u00eete son dernier num\u00e9ro de \u00ab\u00a0Tout le monde \u00e0 son mot \u00e0 dire\u00a0\u00bb<\/p>\n<p>De fait, ces derni\u00e8res semaines, Olivier Minne a mis en bo\u00eete ses derniers tournages pour France 2. Si <strong>\u00ab\u00a0Fort Boyard\u00a0\u00bb<\/strong> a eu lieu il y a plusieurs jours d\u00e9j\u00e0, ce n\u2019est que r\u00e9cemment que le dernier num\u00e9ro de \u00ab\u00a0Tout le monde \u00e0 son mot \u00e0 dire\u00a0\u00bb a \u00e9t\u00e9 tourn\u00e9. \u00c0 la rentr\u00e9e prochaine, <a href=\"https:\/\/www.public.fr\/tag\/bruno-guillon\" rel=\"nofollow noopener\" target=\"_blank\">Bruno Guillon<\/a> lui succ\u00e9dera et \u00e9paulera donc Sidonie Bonnec dans le jeu quotidien de France 2.<\/p>\n<p>Dans un entretien accord\u00e9 \u00e0 TV Mag, le pr\u00e9sentateur de 58 ans a \u00e9voqu\u00e9 ses derniers tournages pour France T\u00e9l\u00e9visions. Des tournages remplis d\u2019\u00e9motions et de surprises.\u00a0<\/p>\n<p>\u00ab\u00a0C\u2019\u00e9tait tr\u00e8s \u00e9mouvant et tr\u00e8s joyeux aussi.\u00a0On s\u2019est marr\u00e9, comme on s\u2019est marr\u00e9 pendant huit ans en fait\u00a0\u00bb, a-t-il confi\u00e9 en toute franchise. Nos confr\u00e8res de TV Mag ont d\u2019ailleurs eu la chance d\u2019assister au dernier num\u00e9ro de <strong>\u00ab\u00a0Tout le monde \u00e0 son mot \u00e0 dire\u00a0\u00bb<\/strong> avec Olivier Minne.<\/p>\n<p>Sa belle d\u00e9claration \u00e0 Sidonie Bonnec<\/p>\n<p>Selon le m\u00e9dia, au cours du tournage, le pr\u00e9sentateur qui officiera bient\u00f4t sur M6, aurait fait une sublime d\u00e9claration \u00e0 sa partenaire depuis 8 ans. \u00ab\u00a0Je voulais te dire que dans ma vie professionnelle, j\u2019ai eu la chance de faire quelques duos avec des animatrices fantastiques <strong>et puis il y a eu toi qui es entr\u00e9e dans ma vie<\/strong>\u00ab\u00a0, lui aurait-il d\u00e9clar\u00e9.<\/p>\n<p>Avant de poursuivre : \u00ab\u00a0<strong>Je dois t\u2019avouer que je me consid\u00e8re comme un homme tr\u00e8s g\u00e2t\u00e9<\/strong>. Tu es une femme tr\u00e8s particuli\u00e8re, tr\u00e8s sp\u00e9ciale et il faut que tu entretiennes \u00e7a, c\u2019est ce qui fait ta force, c\u2019est ce qui fait que je t\u2019aime, que je t\u2019aimerai toujours, au-del\u00e0 de ce programme\u00a0\u00bb.<\/p>\n<p>L\u2019\u00e9motion aurait alors envahi le plateau et Olivier Minne aurait termin\u00e9 sur un \u00ab\u00a0bon vent, kenavo\u00a0\u00bb. En ce qui concerne les t\u00e9l\u00e9spectateurs, ces derniers pourront encore profiter de l\u2019animateur belge plusieurs semaines. En effet, le num\u00e9ro de la passation de pouvoir devrait \u00eatre diffus\u00e9 seulement \u00e0 la fin du mois d\u2019ao\u00fbt.\u00a0<\/p>\n<p>      Mentionn\u00e9s dans cet article<\/p>\n<p>\u00c0 lire aussi<\/p>\n","protected":false},"excerpt":{"rendered":"Presque 10 ans de collaboration, \u00e7a compte. Depuis 2017, Olivier Minne et Sidonie Bonnec pr\u00e9sentent le jeu quotidien&hellip;\n","protected":false},"author":2,"featured_media":163929,"comment_status":"","ping_status":"","sticky":false,"template":"","format":"standard","meta":{"footnotes":""},"categories":[8],"tags":[7961,58,59,1011,27,17033,29485,29670],"class_list":{"0":"post-163928","1":"post","2":"type-post","3":"status-publish","4":"format-standard","5":"has-post-thumbnail","7":"category-divertissement","8":"tag-bruno-guillon","9":"tag-divertissement","10":"tag-entertainment","11":"tag-fr","12":"tag-france","13":"tag-olivier-minne","14":"tag-sidonie-bonnec","15":"tag-tout-le-monde-a-son-mot-a-dire"},"share_on_mastodon":{"url":"https:\/\/pubeurope.com\/@fr\/114655054023687682","error":""},"_links":{"self":[{"href":"https:\/\/www.europesays.com\/fr\/wp-json\/wp\/v2\/posts\/163928","targetHints":{"allow":["GET"]}}],"collection":[{"href":"https:\/\/www.europesays.com\/fr\/wp-json\/wp\/v2\/posts"}],"about":[{"href":"https:\/\/www.europesays.com\/fr\/wp-json\/wp\/v2\/types\/post"}],"author":[{"embeddable":true,"href":"https:\/\/www.europesays.com\/fr\/wp-json\/wp\/v2\/users\/2"}],"replies":[{"embeddable":true,"href":"https:\/\/www.europesays.com\/fr\/wp-json\/wp\/v2\/comments?post=163928"}],"version-history":[{"count":0,"href":"https:\/\/www.europesays.com\/fr\/wp-json\/wp\/v2\/posts\/163928\/revisions"}],"wp:featuredmedia":[{"embeddable":true,"href":"https:\/\/www.europesays.com\/fr\/wp-json\/wp\/v2\/media\/163929"}],"wp:attachment":[{"href":"https:\/\/www.europesays.com\/fr\/wp-json\/wp\/v2\/media?parent=163928"}],"wp:term":[{"taxonomy":"category","embeddable":true,"href":"https:\/\/www.europesays.com\/fr\/wp-json\/wp\/v2\/categories?post=163928"},{"taxonomy":"post_tag","embeddable":true,"href":"https:\/\/www.europesays.com\/fr\/wp-json\/wp\/v2\/tags?post=163928"}],"curies":[{"name":"wp","href":"https:\/\/api.w.org\/{rel}","templated":true}]}}