{"id":163930,"date":"2025-06-09T19:27:11","date_gmt":"2025-06-09T19:27:11","guid":{"rendered":"https:\/\/www.europesays.com\/fr\/163930\/"},"modified":"2025-06-09T19:27:11","modified_gmt":"2025-06-09T19:27:11","slug":"conference-wwdc-25-dapple-de-petites-touches-dia-dans-lecosysteme-apple","status":"publish","type":"post","link":"https:\/\/www.europesays.com\/fr\/163930\/","title":{"rendered":"Conf\u00e9rence WWDC 25 d\u2019Apple : de petites touches d\u2019IA dans l\u2019\u00e9cosyst\u00e8me Apple"},"content":{"rendered":"<p>20:35<\/p>\n<p>Apple Intelligence prend (enfin) son envol<\/p>\n<p>C&rsquo;est la fin de ce direct, merci d&rsquo;avoir suivi avec nous ces annonces, que nous sommes en train de vous r\u00e9sumer. A retenir de cet \u00e9v\u00e9nement : l&rsquo;arriv\u00e9e de nombreux outils boost\u00e9s \u00e0 l&rsquo;intelligence artificielle sur tous les appareils commercialis\u00e9s par la marque. Le Parisien vous souhaite, depuis Cupertino en Californie, une tr\u00e8s bonne soir\u00e9e !<\/p>\n<p>20:32<\/p>\n<p>Une ode aux d\u00e9veloppeurs en bouquet final<\/p>\n<p>La keynote prend fin sur une note<\/p>\n<p><img decoding=\"async\" src=\"https:\/\/www.europesays.com\/fr\/wp-content\/uploads\/2025\/06\/ZXRMXC6XDZE4JB2NGTHFD3HLBI.jpg\"\/>Les d\u00e9veloppeurs ont \u00e9t\u00e9 salu\u00e9s en chanson par Apple<\/p>\n<p>La keynote prend fin sur une note humoristique et un hommage en chanson. Un gros d\u00e9lire avec un crooner qui en fait des tonnes en chantant les louanges de quelques unes des meilleurs applications disponibles sur l&rsquo;AppStore et cr\u00e9\u00e9es par des d\u00e9veloppeurs ind\u00e9pendants qui, dans l&rsquo;assistance, savourent le moment.<\/p>\n<p>20:17<\/p>\n<p>L&rsquo;iPad passe au multi fen\u00eatrage<\/p>\n<p>L&rsquo;iPad succombe lui aussi au design Liquid<\/p>\n<p><img decoding=\"async\" src=\"https:\/\/www.europesays.com\/fr\/wp-content\/uploads\/2025\/06\/UXWGSJHN5JAOFCSSMCXKUXBU5U.jpg\"\/>La navigation sera plus fluide pour l&rsquo;iPad et permet d\u00e9sormais l&rsquo;ouverture de plusieurs fen\u00eatres.\u00a0<\/p>\n<p>\u00a0Glass et profite de la puissance de l&rsquo;IA avec iPadOS26. La tablette pourra, comme un ordinateur portable, assurer l&rsquo;affichage de plusieurs fen\u00eatres. Un petit bouton, en bas \u00e0 droite de l&rsquo;\u00e9cran d&rsquo;un app, permet de r\u00e9duire la fen\u00eatre visuelle, comme on le fait avec une souris d&rsquo;ordinateur. La tablette s&rsquo;enrichit \u00e9galement d&rsquo;une barre de menu pour acc\u00e9der plus facilement, et comme sur un ordinateur, \u00e0 toutes les fonctionnalit\u00e9s disponibles sur l&rsquo;application ouverte \u00e0 l&rsquo;\u00e9cran.<\/p>\n<p>20:02<\/p>\n<p>L&rsquo;IA pour les nuls<\/p>\n<p>Avec Tahoe, une fonctionnalit\u00e9 permet de faire des prompts sur Apple Intelligence sans avoir de connaissances particuli\u00e8res de la bonne mani\u00e8re de s&rsquo;adresser \u00e0 une IA. Accessible via Spotlight, l&rsquo;outil de recherche d&rsquo;un Mac, et de fa\u00e7on assist\u00e9e avec des suggestions de mots-cl\u00e9s qui apparaissent. Il sera possible, par ce biais, de r\u00e9aliser des \u00ab routines \u00bb, des enchainements de commandes directement accessibles en un clic.<\/p>\n<p>19:57<\/p>\n<p>Du Karaok\u00e9 avec son t\u00e9l\u00e9phone<\/p>\n<p><img decoding=\"async\" src=\"https:\/\/www.europesays.com\/fr\/wp-content\/uploads\/2025\/06\/5EADBNSDTRE2JL65Y2GPJ4PIJQ.jpg\"\/>Et maintenant, du Karaok\u00e9 juste avec son t\u00e9l\u00e9phone. C&rsquo;est ce qui est annonc\u00e9 avec TV0S26<\/p>\n<p>Parmi les nouveaut\u00e9s annonc\u00e9es avec TV026, Apple assure que l&rsquo;iPhone pourra servir \u00e0 faire du karaok\u00e9 \u00e0 plusieurs.\u00a0<\/p>\n<p>19:57<\/p>\n<p>Hello Tahoe !<\/p>\n<p>On passe d\u00e9sormais aux nouveaut\u00e9s logicielles sur Mac, avec un nouveau syst\u00e8me baptis\u00e9 Tahoe. Lui aussi emprunte le style Liquid Glass avec, par exemple, une barre de menu transparente. Et davantage d&rsquo;options de personnalisation de l&rsquo;environnement graphique (dont les fonds d&rsquo;\u00e9cran assortis aux couleurs du syst\u00e8me).<\/p>\n<p>19:54<\/p>\n<p>Notifications plus malines<\/p>\n<p>L&rsquo;IA permet de rendre les notifications sonores de la montre plus discr\u00e8tes quand n\u00e9cessaire. L&rsquo;environnement sonore pourra \u00eatre analys\u00e9 en direct pour adapter le volume des notifications, bien plus discret quand le silence r\u00e8gne autour de la montre ou, \u00e0 l&rsquo;inverse, beaucoup plus fort quand il y a beaucoup de bruit autour.<\/p>\n<p>19:44<\/p>\n<p>On passe d\u00e9sormais \u00e0 l&rsquo;Apple Watch<\/p>\n<p><img decoding=\"async\" src=\"https:\/\/www.europesays.com\/fr\/wp-content\/uploads\/2025\/06\/7WLAWKSBOVBWRNVGO727JIWPXU.jpg\"\/>L&rsquo;Apple Watch s&rsquo;enrichit d&rsquo;une appli d\u00e9di\u00e9e au sport.<\/p>\n<p>Apple Watch<\/p>\n<p>Voil\u00e0 pour les principales nouveaut\u00e9s logicielles sur iPhone. On passe d\u00e9sormais \u00e0 la montre Apple et WatchOS26. Ce dernier s&rsquo;enrichit d&rsquo;une nouvelle app, Workout Buddy (coach sportif en anglais), boost\u00e9 \u00e0 l&rsquo;IA, qui vient encourager par une voix artificielle les efforts et les d\u00e9fis sportifs accomplis, ou encore assurer un suivi des performances en direct pendant une course \u00e0 pied par exemple.<\/p>\n<p>19:40<\/p>\n<p>L&rsquo;IA au service de la reconnaissance visuelle<\/p>\n<p>Le logiciel de reconnaissance visuelle,\u00a0<\/p>\n<p><img decoding=\"async\" src=\"https:\/\/www.europesays.com\/fr\/wp-content\/uploads\/2025\/06\/BEH7V6TVAJAZRPMBOND5FNHVCY.jpg\"\/>Visual intelligence permet de retrouver ce que l&rsquo;on regarde.<\/p>\n<p>qui permet d&rsquo;identifier un objet via l&rsquo;appareil photo, \u00e9volue. Il fonctionne d\u00e9sormais avec n&rsquo;importe quelle application. Il suffit de faire un screen shot de ce qui est pr\u00e9sent \u00e0 l&rsquo;\u00e9cran, puis de s\u00e9lectionner du bout du doigt l&rsquo;objet que l&rsquo;on souhaite, une recherche sur le Web peut ensuite \u00eatre lanc\u00e9e pour retrouver le m\u00eame objet en ligne, pour l&rsquo;acheter ou en savoir davantage sur lui.<\/p>\n<p>19:31<\/p>\n<p>Traduction en temps r\u00e9el<\/p>\n<p><img decoding=\"async\" src=\"https:\/\/www.europesays.com\/fr\/wp-content\/uploads\/2025\/06\/NKJM7NCTVZD7LLQ7PUIGE3QZGA.jpg\"\/>Apple annonce une traduction instantan\u00e9e<\/p>\n<p>En FaceTime, pendant un simple coup de fil ou \u00e0 la r\u00e9ception de messages sous forme de texte, un logiciel (Live Translation) de traduction instantan\u00e9e permettra de comprendre la langue de son interlocuteur et d&rsquo;avoir une conversation suivie. La d\u00e9mo r\u00e9alis\u00e9e \u00e0 Cupertino met en sc\u00e8ne une femme, fran\u00e7aise, donnant une astuce de cuisine par FaceTime \u00e0 une jeune correspondante am\u00e9ricaine. La langue fran\u00e7aise sera donc de la partie !<\/p>\n<p>19:28<\/p>\n<p>Comme un air de WhatsApp<\/p>\n<p>Vous aimez l&rsquo;application de Meta pour discuter \u00e0 plusieurs ? Apple mettra \u00e0 jour sa propre application de \u00ab group chat \u00bb pour s&rsquo;aligner sur les fonctionnalit\u00e9s de son concurrent : les fonds d&rsquo;\u00e9cran seront d\u00e9sormais communs \u00e0 l&rsquo;ensemble des participants \u00e0 une discussion, et une option \u00ab sondage \u00bb fera son apparition. Comme sur WhatsApp.<\/p>\n<p>19:23<\/p>\n<p>Gestion des communications plus fluide<\/p>\n<p>L&rsquo;application T\u00e9l\u00e9phone regroupera l&rsquo;ensemble des fonctionnalit\u00e9s li\u00e9es \u00e0 la communication avec les diff\u00e9rents interlocuteurs : plus besoin de passer d&rsquo;une appli \u00e0 une autre entre les contacts, les favoris, le clavier ou les messages vocaux. Tout sera d\u00e9sormais concentr\u00e9 sur une seule page.\u00a0<\/p>\n<p>19:16<\/p>\n<p>Bienvenue iOS 26 !<\/p>\n<p>Le nouveau syst\u00e8me logiciel d&rsquo;Apple ne sera pas iOS 19 (pour succ\u00e9der \u00e0 l&rsquo;actuel iOS 18) mais iOS 26 pour se caler, \u00e0 chaque \u00e9dition annuelle, sur l&rsquo;ann\u00e9e \u00e0 venir. L\u00e0 encore, le concept se d\u00e9clinera sur l&rsquo;ensemble des appareils.<\/p>\n<p>19:12<\/p>\n<p>Un nouveau design pour l&rsquo;interface<\/p>\n<p>Cela s&rsquo;appelle Liquid Glass. Le concept visuel, fait de menus translucides, sera commun \u00e0 tous l&rsquo;environnement mat\u00e9riel d&rsquo;Apple \u00e0 partir de la rentr\u00e9e sur le nouvel OS.<\/p>\n<p>19:07<\/p>\n<p>Apple Intelligence s&rsquo;\u00e9mancipe<\/p>\n<p>On commence avec les \u00e9volutions attendues autour d&rsquo;Apple Intelligence, dont le moteur devient directement accessible aux d\u00e9veloppeurs d&rsquo;applications pour leur permettre de l&rsquo;inclure dans leurs cr\u00e9ations. Apple Intelligence devient disponible dans davantage de languages (le Fran\u00e7ais est dans la liste) et sur l&rsquo;ensemble des appareils Apple.\u00a0<\/p>\n<p>19:04<\/p>\n<p>F1 au top d\u00e9part<\/p>\n<p>Dans la plus grande tradition d&rsquo;Apple, une vid\u00e9o d\u00e9coiffante sert d&rsquo;entame \u00e0 la keynote. Pour marquer le coup de la sortie d&rsquo;un film sur la F1 en fin de mois, le clip met en sc\u00e8ne un bolide, pilot\u00e9 par Brad Pitt, qui tourne sur le toit circulaire de l&rsquo;Apple Park dont les panneaux solaires ont \u00e9t\u00e9 remplac\u00e9s par du bitume. Aussi impressionnant que d\u00e9lirant.<\/p>\n<p>18:58<\/p>\n<p>C&rsquo;est parti pour la keynote de la WWDC 2025 !<\/p>\n<p>Le patron d&rsquo;Apple vient d&rsquo;arriver sur la sc\u00e8ne sous les applaudissements. Il salue les d\u00e9veloppeurs venus \u00ab de plus de 60 pays \u00bb.<\/p>\n<p>18:50<\/p>\n<p>Coup d&rsquo;envoi dans 10 minutes<\/p>\n<p>Journalistes du monde entier, d\u00e9veloppeurs d&rsquo;applications, partenaires industriels et commerciaux mais aussi employ\u00e9s d&rsquo;Apple, pr\u00e8s de 2000 invit\u00e9s prennent place devant une sc\u00e8ne et un \u00e9cran g\u00e9ants install\u00e9s en bordure de l&rsquo;Apple Park, le si\u00e8ge de la marque \u00e0 Cupertino en Californie.<\/p>\n<p>17:47<\/p>\n<p>Est ce les fonctionnalit\u00e9s dop\u00e9es \u00e0 l&rsquo;IA attendues vont enfin voir le jour ?\u00a0<\/p>\n<p>Lors de la derni\u00e8re WWDC \u00e0 Cupertino, Apple avait annonc\u00e9 que Siri serait rapidement transformer en agent IA capable d&rsquo;accomplir des t\u00e2ches sur simple demande orale, et en tenant les comptes des informations \u00e0 disposition dans les courriels, photos, etc. Mais ce n&rsquo;est toujours le cas.\u00a0<\/p>\n","protected":false},"excerpt":{"rendered":"20:35 Apple Intelligence prend (enfin) son envol C&rsquo;est la fin de ce direct, merci d&rsquo;avoir suivi avec nous&hellip;\n","protected":false},"author":2,"featured_media":163931,"comment_status":"","ping_status":"","sticky":false,"template":"","format":"standard","meta":{"footnotes":""},"categories":[7],"tags":[29671,1011,27,43,40,41,39,42,44],"class_list":{"0":"post-163930","1":"post","2":"type-post","3":"status-publish","4":"format-standard","5":"has-post-thumbnail","7":"category-sciences-et-technologies","8":"tag-apple-wdc25","9":"tag-fr","10":"tag-france","11":"tag-science","12":"tag-science-and-technology","13":"tag-sciences","14":"tag-sciences-et-technologies","15":"tag-technologies","16":"tag-technology"},"share_on_mastodon":{"url":"https:\/\/pubeurope.com\/@fr\/114655058635432648","error":""},"_links":{"self":[{"href":"https:\/\/www.europesays.com\/fr\/wp-json\/wp\/v2\/posts\/163930","targetHints":{"allow":["GET"]}}],"collection":[{"href":"https:\/\/www.europesays.com\/fr\/wp-json\/wp\/v2\/posts"}],"about":[{"href":"https:\/\/www.europesays.com\/fr\/wp-json\/wp\/v2\/types\/post"}],"author":[{"embeddable":true,"href":"https:\/\/www.europesays.com\/fr\/wp-json\/wp\/v2\/users\/2"}],"replies":[{"embeddable":true,"href":"https:\/\/www.europesays.com\/fr\/wp-json\/wp\/v2\/comments?post=163930"}],"version-history":[{"count":0,"href":"https:\/\/www.europesays.com\/fr\/wp-json\/wp\/v2\/posts\/163930\/revisions"}],"wp:featuredmedia":[{"embeddable":true,"href":"https:\/\/www.europesays.com\/fr\/wp-json\/wp\/v2\/media\/163931"}],"wp:attachment":[{"href":"https:\/\/www.europesays.com\/fr\/wp-json\/wp\/v2\/media?parent=163930"}],"wp:term":[{"taxonomy":"category","embeddable":true,"href":"https:\/\/www.europesays.com\/fr\/wp-json\/wp\/v2\/categories?post=163930"},{"taxonomy":"post_tag","embeddable":true,"href":"https:\/\/www.europesays.com\/fr\/wp-json\/wp\/v2\/tags?post=163930"}],"curies":[{"name":"wp","href":"https:\/\/api.w.org\/{rel}","templated":true}]}}