{"id":163934,"date":"2025-06-09T19:29:12","date_gmt":"2025-06-09T19:29:12","guid":{"rendered":"https:\/\/www.europesays.com\/fr\/163934\/"},"modified":"2025-06-09T19:29:12","modified_gmt":"2025-06-09T19:29:12","slug":"jean-luc-melenchon-dit-que-greta-thunberg-et-rima-hassan-ont-reussi-leur-entreprise","status":"publish","type":"post","link":"https:\/\/www.europesays.com\/fr\/163934\/","title":{"rendered":"Jean-Luc M\u00e9lenchon dit que Greta Thunberg et Rima Hassan \u00ab\u00a0ont r\u00e9ussi leur entreprise\u00a0\u00bb"},"content":{"rendered":"<p>        <img decoding=\"async\" loading=\"lazy\" src=\"https:\/\/www.europesays.com\/fr\/wp-content\/uploads\/2025\/06\/8e8eebe_sirius-fs-upload-1-lveolq6yvtv1-1749492995879-ma-luche.png\"  width=\"728\" height=\"410\" alt=\"Jean-Luc M\u00e9lenchon a salu\u00e9 le \u00ab\u00a0courage extraordinaire\u00a0\u00bb des militants pr\u00e9sents sur le navire Madleen arraisonn\u00e9 par Isra\u00ebl.\"\/>  <\/p>\n<p>Capture d\u2019\u00e9cran LFI<\/p>\n<p>Jean-Luc M\u00e9lenchon a salu\u00e9 le \u00ab\u00a0courage extraordinaire\u00a0\u00bb des militants pr\u00e9sents sur le navire Madleen arraisonn\u00e9 par Isra\u00ebl.<\/p>\n<p class=\"asset asset-text\">INTERNATIONAL &#8211; Une \u00ab\u00a0entreprise r\u00e9ussie\u00a0\u00bb, selon Jean-Luc M\u00e9lenchon.\u00a0Alors que la marine isra\u00e9lienne a intercept\u00e9 et d\u00e9rout\u00e9 ce lundi 9\u00a0juin <a href=\"https:\/\/www.huffingtonpost.fr\/international\/article\/gaza-le-bateau-madleen-intercepte-par-israel-ses-passagers-invites-a-retourner-dans-leurs-pays_251101.html\" rel=\"nofollow noopener\" target=\"_blank\">le bateau Madleen<\/a> transportant de l\u2019aide humanitaire pour Gaza qui tentait de \u00ab\u00a0briser le blocus isra\u00e9lien\u00a0\u00bb de Gaza, avec \u00e0 son bord <a href=\"https:\/\/www.huffingtonpost.fr\/international\/video\/gaza-qui-sont-les-6-passagers-francais-dont-rima-hassan-interceptes-a-bord-du-madleen-par-israel_251117.html\" rel=\"nofollow noopener\" target=\"_blank\">12\u00a0militants<\/a> parmi lesquels la Su\u00e9doise Greta Thunberg ou la d\u00e9put\u00e9e europ\u00e9enne insoumise Rima Hassan, le leader de La France insoumise a \u00ab\u00a0salu\u00e9 le courage extraordinaire\u00a0\u00bb de l\u2019\u00e9quipage de la Freedom Flotilla Coalition.<\/p>\n<p class=\"asset asset-text\">\u00ab\u00a0Je dis qu\u2019ils ont r\u00e9ussi leur entreprise car ils ont, en une nuit, obtenu et fait davantage que n\u2019avaient fait le gouvernement fran\u00e7ais et tous les gouvernements du monde pour mettre en cause la politique criminelle de Monsieur Netanyahou\u00a0\u00bb, a affirm\u00e9 Jean-Luc M\u00e9lenchon, alors que plusieurs milliers de personnes se sont rassembl\u00e9es ce lundi soir un peu partout en France \u00e0 l\u2019appel de la gauche et d\u2019ONG pour demander la lib\u00e9ration de l\u2019\u00e9quipage de la \u00ab\u00a0Freedom Flotilla\u00a0\u00bb.<\/p>\n<p class=\"asset asset-text\">Jean-Luc M\u00e9lenchon a \u00e9galement qualifi\u00e9 la man\u0153uvre isra\u00e9lienne \u00ab\u00a0d\u2019acte de piraterie internationale\u00a0\u00bb. \u00ab\u00a0Nous craignons le pire, car ceux qui ont proc\u00e9d\u00e9 \u00e0 cet arraisonnement sont capables du pire et l\u2019ont montr\u00e9 en toutes circonstances\u00a0\u00bb, a lanc\u00e9 devant la presse l\u2019ancien candidat \u00e0 l\u2019\u00e9lection pr\u00e9sidentielle fran\u00e7aise, avant de rejoindre le centre de la place de la R\u00e9publique, remplie de plusieurs milliers de personnes.<\/p>\n<p>    \u00ab\u00a0Le spectacle est termin\u00e9\u00a0\u00bb, dit Isra\u00ebl    <\/p>\n<p class=\"asset asset-text\">Interrog\u00e9 sur BFMTV, l\u2019ambassadeur d\u2019Isra\u00ebl en France, Joshua Zarka, a affirm\u00e9 que \u00ab\u00a0la croisi\u00e8re ne s\u2019amuse plus, le spectacle est termin\u00e9\u00a0\u00bb, tout en affirmant que les 12\u00a0membres de l\u2019\u00e9quipage se situaient d\u00e9sormais au port d\u2019Ashdod, en Isra\u00ebl. Une information confirm\u00e9e par un photographe de l\u2019AFP ce lundi soir, selon qui le voilier Madleen est bel et bien arriv\u00e9 dans cette ville portuaire proche de Gaza.<\/p>\n<p class=\"asset asset-text\">Autre point de tension\u00a0: le lieu de l\u2019arraisonnement du bateau. Un tracker qui suivait l<a href=\"https:\/\/freedomflotilla.org\/ffc-tracker\/\" target=\"_blank\" rel=\"noopener nofollow\" title=\"Nouvelle fen\u00eatre\">e voyage de la Freedom Flotilla Coalition<\/a> pla\u00e7ait le bateau dans les eaux internationales au moment de son interception par la marine isra\u00e9lienne, provoquant de vives critiques de nombreux pays comme l\u2019Espagne ou la Turquie. Mais aussi des partis de la gauche fran\u00e7aise, la patronne des \u00c9cologistes Marine Tondelier appelant \u00e0 \u00ab\u00a0une mobilisation populaire internationale\u00a0\u00bb pour \u00ab\u00a0amener les \u00c9tats \u00e0 s\u2019engager pour leur protection et leur lib\u00e9ration\u00a0\u00bb. \u00ab\u00a0L\u2019\u00e9quipage a atteint son but. Il doit maintenant faire l\u2019objet d\u2019un soutien des \u00c9tats europ\u00e9ens. Le silence des gouvernements serait une faute\u00a0\u00bb, a de son c\u00f4t\u00e9 r\u00e9agi le premier secr\u00e9taire du Parti socialiste Olivier Faure sur X.<\/p>\n<p class=\"asset asset-text\">Le pr\u00e9sident fran\u00e7ais Emmanuel Macron avait de son c\u00f4t\u00e9 \u00ab\u00a0demand\u00e9 de permettre, dans les plus brefs d\u00e9lais, le retour en France\u00a0\u00bb des six ressortissants fran\u00e7ais, selon l\u2019\u00c9lys\u00e9e. \u00ab\u00a0Depuis que nous avons eu connaissance de leur projet, contre les risques duquel nous les avons mis en garde, nous avons \u00e9t\u00e9 en lien avec les autorit\u00e9s isra\u00e9liennes pour pr\u00e9venir tout incident\u00a0\u00bb, a \u00e9galement affirm\u00e9 le ministre des Affaires \u00e9trang\u00e8res fran\u00e7ais, Jean-No\u00ebl Barrot, dans une d\u00e9claration transmise \u00e0 la presse quelques minutes avant la communication de l\u2019\u00c9lys\u00e9e.<\/p>\n<p class=\"asset asset-text\">L\u2019ambassadeur isra\u00e9lien en France a de son c\u00f4t\u00e9 affirm\u00e9 que le navire Madleen \u00ab\u00a0a \u00e9t\u00e9 arraisonn\u00e9 imm\u00e9diatement quand il est entr\u00e9 dans les eaux territoriales isra\u00e9liennes, pas avant\u00a0\u00bb. De la \u00ab\u00a0propagande\u00a0\u00bb selon Manuel Bompard, le coordinateur national de la France insoumise d\u00e9non\u00e7ant une arrestation \u00ab\u00a0dans les eaux internationales\u00a0\u00bb et un \u00ab\u00a0blocus humanitaire de Gaza ill\u00e9gal\u00a0\u00bb.<\/p>\n","protected":false},"excerpt":{"rendered":"Capture d\u2019\u00e9cran LFI Jean-Luc M\u00e9lenchon a salu\u00e9 le \u00ab\u00a0courage extraordinaire\u00a0\u00bb des militants pr\u00e9sents sur le navire Madleen arraisonn\u00e9&hellip;\n","protected":false},"author":2,"featured_media":163935,"comment_status":"","ping_status":"","sticky":false,"template":"","format":"standard","meta":{"footnotes":""},"categories":[5],"tags":[11,3259,1011,27,665,26418,14,664,12,15442,28],"class_list":{"0":"post-163934","1":"post","2":"type-post","3":"status-publish","4":"format-standard","5":"has-post-thumbnail","7":"category-international","8":"tag-actualites","9":"tag-conflit-israelo-palestinien","10":"tag-fr","11":"tag-france","12":"tag-gaza","13":"tag-greta-thunberg","14":"tag-international","15":"tag-israel","16":"tag-news","17":"tag-rima-hassan","18":"tag-world"},"share_on_mastodon":{"url":"https:\/\/pubeurope.com\/@fr\/114655066014156734","error":""},"_links":{"self":[{"href":"https:\/\/www.europesays.com\/fr\/wp-json\/wp\/v2\/posts\/163934","targetHints":{"allow":["GET"]}}],"collection":[{"href":"https:\/\/www.europesays.com\/fr\/wp-json\/wp\/v2\/posts"}],"about":[{"href":"https:\/\/www.europesays.com\/fr\/wp-json\/wp\/v2\/types\/post"}],"author":[{"embeddable":true,"href":"https:\/\/www.europesays.com\/fr\/wp-json\/wp\/v2\/users\/2"}],"replies":[{"embeddable":true,"href":"https:\/\/www.europesays.com\/fr\/wp-json\/wp\/v2\/comments?post=163934"}],"version-history":[{"count":0,"href":"https:\/\/www.europesays.com\/fr\/wp-json\/wp\/v2\/posts\/163934\/revisions"}],"wp:featuredmedia":[{"embeddable":true,"href":"https:\/\/www.europesays.com\/fr\/wp-json\/wp\/v2\/media\/163935"}],"wp:attachment":[{"href":"https:\/\/www.europesays.com\/fr\/wp-json\/wp\/v2\/media?parent=163934"}],"wp:term":[{"taxonomy":"category","embeddable":true,"href":"https:\/\/www.europesays.com\/fr\/wp-json\/wp\/v2\/categories?post=163934"},{"taxonomy":"post_tag","embeddable":true,"href":"https:\/\/www.europesays.com\/fr\/wp-json\/wp\/v2\/tags?post=163934"}],"curies":[{"name":"wp","href":"https:\/\/api.w.org\/{rel}","templated":true}]}}