{"id":163944,"date":"2025-06-09T19:34:11","date_gmt":"2025-06-09T19:34:11","guid":{"rendered":"https:\/\/www.europesays.com\/fr\/163944\/"},"modified":"2025-06-09T19:34:11","modified_gmt":"2025-06-09T19:34:11","slug":"nancy-ladapa-54-honore-ses-salaries","status":"publish","type":"post","link":"https:\/\/www.europesays.com\/fr\/163944\/","title":{"rendered":"Nancy. L\u2019Adapa 54 honore ses salari\u00e9s"},"content":{"rendered":"<p>R\u00e9cemment, en cl\u00f4ture de son assembl\u00e9e g\u00e9n\u00e9rale, l\u2019Adapa (Association d\u00e9partementale d\u2019aide aux personnes \u00e2g\u00e9es) 54, pr\u00e9sid\u00e9e par Michel Dillenschneider, a rendu hommage \u00e0 ses salari\u00e9s, pour la qualit\u00e9 de leur investissement au sein de l\u2019association. Dix m\u00e9dailles du travail et trois remises de dipl\u00f4mes. Pour les cinq personnes ayant fait valoir leurs droits \u00e0 la retraite, il leur a souhait\u00e9 plein \u00e9panouissement.<\/p>\n","protected":false},"excerpt":{"rendered":"R\u00e9cemment, en cl\u00f4ture de son assembl\u00e9e g\u00e9n\u00e9rale, l\u2019Adapa (Association d\u00e9partementale d\u2019aide aux personnes \u00e2g\u00e9es) 54, pr\u00e9sid\u00e9e par Michel&hellip;\n","protected":false},"author":2,"featured_media":163945,"comment_status":"","ping_status":"","sticky":false,"template":"","format":"standard","meta":{"footnotes":""},"categories":[9635],"tags":[1111,11,1704,1777,674,1011,27,775,1702,1703,12,25,104,1631],"class_list":{"0":"post-163944","1":"post","2":"type-post","3":"status-publish","4":"format-standard","5":"has-post-thumbnail","7":"category-nancy","8":"tag-actu","9":"tag-actualites","10":"tag-edition-nancy-et-agglomeration","11":"tag-eu","12":"tag-europe","13":"tag-fr","14":"tag-france","15":"tag-grand-est","16":"tag-nancy","17":"tag-nancy-ville-54b","18":"tag-news","19":"tag-republique-francaise","20":"tag-societe","21":"tag-vie-associative"},"share_on_mastodon":{"url":"https:\/\/pubeurope.com\/@fr\/114655085416723797","error":""},"_links":{"self":[{"href":"https:\/\/www.europesays.com\/fr\/wp-json\/wp\/v2\/posts\/163944","targetHints":{"allow":["GET"]}}],"collection":[{"href":"https:\/\/www.europesays.com\/fr\/wp-json\/wp\/v2\/posts"}],"about":[{"href":"https:\/\/www.europesays.com\/fr\/wp-json\/wp\/v2\/types\/post"}],"author":[{"embeddable":true,"href":"https:\/\/www.europesays.com\/fr\/wp-json\/wp\/v2\/users\/2"}],"replies":[{"embeddable":true,"href":"https:\/\/www.europesays.com\/fr\/wp-json\/wp\/v2\/comments?post=163944"}],"version-history":[{"count":0,"href":"https:\/\/www.europesays.com\/fr\/wp-json\/wp\/v2\/posts\/163944\/revisions"}],"wp:featuredmedia":[{"embeddable":true,"href":"https:\/\/www.europesays.com\/fr\/wp-json\/wp\/v2\/media\/163945"}],"wp:attachment":[{"href":"https:\/\/www.europesays.com\/fr\/wp-json\/wp\/v2\/media?parent=163944"}],"wp:term":[{"taxonomy":"category","embeddable":true,"href":"https:\/\/www.europesays.com\/fr\/wp-json\/wp\/v2\/categories?post=163944"},{"taxonomy":"post_tag","embeddable":true,"href":"https:\/\/www.europesays.com\/fr\/wp-json\/wp\/v2\/tags?post=163944"}],"curies":[{"name":"wp","href":"https:\/\/api.w.org\/{rel}","templated":true}]}}