{"id":163950,"date":"2025-06-09T19:37:17","date_gmt":"2025-06-09T19:37:17","guid":{"rendered":"https:\/\/www.europesays.com\/fr\/163950\/"},"modified":"2025-06-09T19:37:17","modified_gmt":"2025-06-09T19:37:17","slug":"cest-le-lieu-dont-on-revait-un-nouvel-espace-culturel-va-voir-le-jour-a-toulon","status":"publish","type":"post","link":"https:\/\/www.europesays.com\/fr\/163950\/","title":{"rendered":"\u00ab\u00a0C\u2019est le lieu dont on r\u00eavait!\u00a0\u00bb: un nouvel espace culturel va voir le jour \u00e0 Toulon"},"content":{"rendered":"<p>depuis un an, les \u00e9changes se multipliaient sur un groupe de la messagerie WhatsApp. Ils \u00e9taient une grosse centaine d\u2019artistes \u00e0 se mobiliser en qu\u00eate d\u2019une \u00ab\u00a0fabrique\u00a0\u00bb culturelle, un site qui puisse leur permettre de travailler en amont de leurs spectacles ou de leurs expositions. Un site qui manquait cruellement \u00e0 Toulon. Les r\u00e9unions en ville ont fini par s\u2019ajouter aux conversations virtuelles pour faire jouer les r\u00e9seaux, taper aux bonnes portes. Jusqu\u2019\u00e0 celui du bureau de la maire Jos\u00e9e Massi, qui leur a finalement d\u00e9nich\u00e9 une solution.<\/p>\n<p>Depuis 1er juin, la capitale du Var compte ainsi un nouveau lieu de cr\u00e9ation: les \u00ab\u00a0vo\u00fbtes\u00a0\u00bb. Il est situ\u00e9 dans les anciennes caves des Lices, qui servaient autrefois de studios d\u2019enregistrement, juste \u00e0 c\u00f4t\u00e9 de la salle de spectacle du Z\u00e9nith.<\/p>\n<p>Un lieu inoccup\u00e9 depuis des ann\u00e9es<\/p>\n<p>\u00ab\u00a0Il s\u2019agit d\u2019une grosse bouff\u00e9e d\u2019air pour la culture \u00e0 Toulon\u00a0\u00bb, s\u2019enthousiasme la metteuse en sc\u00e8ne St\u00e9phanie Slimani. \u00ab\u00a0La municipalit\u00e9 met gratuitement \u00e0 disposition des artistes professionnels six caves de 50m, qui serviront d\u2019espace de stockage, de costumerie, de plateau de travail, d\u2019espace convivial et d\u2019atelier de fabrication. En fait, c\u2019est le lieu de cr\u00e9ation dont on r\u00eavait et qui n\u2019a jamais exist\u00e9 ici!\u00a0\u00bb<\/p>\n<p>Les pistes de la Porte d\u2019Italie, de l\u2019ancien \u00c9v\u00each\u00e9 ou de la Cour de Nice ont un temps \u00e9t\u00e9 explor\u00e9es. En vain, faute de perspectives r\u00e9alistes ou de projet viable \u00e0 court ou moyen terme. Plasticiens et autres com\u00e9diens ont donc accueilli avec un soulagement non feint la proposition de Jos\u00e9e Massi.<\/p>\n<p>\u00ab\u00a0La discussion a \u00e9t\u00e9 constructive avec les artistes\u00a0\u00bb, confirme l\u2019\u00e9dile. \u00ab\u00a0On a compris leurs difficult\u00e9s, leurs besoins et on a essay\u00e9 d\u2019y r\u00e9pondre au mieux. Je crois \u00e0 la culture et \u00e7a me semble essentiel que les professionnels puissent avoir un endroit en commun pour travailler. En l\u2019occurrence, ces caves des Lices \u00e9taient inoccup\u00e9es depuis de nombreuses ann\u00e9es.\u00a0\u00bb<\/p>\n<p>Seule contrainte: \u00ab\u00a0\u00e0 cause\u00a0\u00bb de la perspective des \u00e9lections municipales qui se tiendront en 2026, la Ville n\u2019a pas souhait\u00e9 s\u2019engager au-del\u00e0 de douze mois. Sur place, toutefois, elle s\u2019attelle d\u2019ores et d\u00e9j\u00e0 \u00e0 mener quelques menus travaux d\u2019am\u00e9nagement. Les associations, qui ont r\u00e9cup\u00e9r\u00e9 les cl\u00e9s en juin, devraient vraiment pouvoir y prendre leurs quartiers en septembre. Mais pas non plus \u00e0 n\u2019importe quelles conditions.<\/p>\n<p>Pas d\u2019accueil du public<\/p>\n<p>\u00ab\u00a0On a \u00e9tabli un ensemble de r\u00e8gles\u00a0\u00bb, poursuit St\u00e9phanie Slimani, devenue directrice artistique de \u00ab\u00a0Vo\u00fbte\u00a0\u00bb. Ce collectif, charg\u00e9e de la gestion du site, est ainsi administr\u00e9 par sept personnes repr\u00e9sentant autant de compagnies (1). \u00ab\u00a0Mais tous les artistes et compagnies professionnelles du spectacle vivant et des arts plastiques pourront y adh\u00e9rer en d\u00e9posant un dossier fin juin \u00a0\u00bb (2), pr\u00e9cise encore St\u00e9phanie Slimani.<\/p>\n<p>Celle-ci souligne que l\u2019id\u00e9e d\u2019un lieu partag\u00e9 est \u00e9galement de pouvoir \u00ab\u00a0mutualiser certains moyens, comme les costumes, les d\u00e9cors ou les accessoires\u00a0\u00bb. En revanche, l\u2019accueil du public n\u2019y sera pas autoris\u00e9. A noter encore que le collectif artistique Volatil, lui aussi sans domicile fixe depuis son d\u00e9part de l\u2019Aguillon il y a quelques mois (nos \u00e9ditions pr\u00e9c\u00e9dentes), fait partie de l\u2019aventure, b\u00e9n\u00e9ficiant m\u00eame d\u2019une vo\u00fbte rien qu\u2019\u00e0 lui.<\/p>\n<p>\u00ab\u00a0Tout se goupille bien, r\u00e9sume St\u00e9phanie Slimani. C\u2019est comme recevoir une belle subvention! La maire a \u00e9t\u00e9 rapide et efficace. On va maintenant pouvoir cr\u00e9er et r\u00e9p\u00e9ter. Pour le spectacle vivant et les arts plastiques, c\u2019est une super nouvelle\u00a0\u00bb! L\u2019inauguration est pr\u00e9vue le 13 septembre prochain.<\/p>\n<p>\u00a0<\/p>\n<p>1. Le Bruit des Hommes; Le Nez; Si tu m\u2019apprivoises; La Divine Usine; Ratafia th\u00e9\u00e2tre; Les Rats de Mar\u00e9e; Florence Morali.<\/p>\n<p>2. collectifvoute@gmail.com<\/p>\n","protected":false},"excerpt":{"rendered":"depuis un an, les \u00e9changes se multipliaient sur un groupe de la messagerie WhatsApp. Ils \u00e9taient une grosse&hellip;\n","protected":false},"author":2,"featured_media":163951,"comment_status":"","ping_status":"","sticky":false,"template":"","format":"standard","meta":{"footnotes":""},"categories":[9619],"tags":[1111,11,251,1777,674,1011,27,12,882,25,2310,3366],"class_list":{"0":"post-163950","1":"post","2":"type-post","3":"status-publish","4":"format-standard","5":"has-post-thumbnail","7":"category-toulon","8":"tag-actu","9":"tag-actualites","10":"tag-culture","11":"tag-eu","12":"tag-europe","13":"tag-fr","14":"tag-france","15":"tag-news","16":"tag-provence-alpes-cote-dazur","17":"tag-republique-francaise","18":"tag-toulon","19":"tag-vie-locale"},"share_on_mastodon":{"url":"https:\/\/pubeurope.com\/@fr\/114655097405867485","error":""},"_links":{"self":[{"href":"https:\/\/www.europesays.com\/fr\/wp-json\/wp\/v2\/posts\/163950","targetHints":{"allow":["GET"]}}],"collection":[{"href":"https:\/\/www.europesays.com\/fr\/wp-json\/wp\/v2\/posts"}],"about":[{"href":"https:\/\/www.europesays.com\/fr\/wp-json\/wp\/v2\/types\/post"}],"author":[{"embeddable":true,"href":"https:\/\/www.europesays.com\/fr\/wp-json\/wp\/v2\/users\/2"}],"replies":[{"embeddable":true,"href":"https:\/\/www.europesays.com\/fr\/wp-json\/wp\/v2\/comments?post=163950"}],"version-history":[{"count":0,"href":"https:\/\/www.europesays.com\/fr\/wp-json\/wp\/v2\/posts\/163950\/revisions"}],"wp:featuredmedia":[{"embeddable":true,"href":"https:\/\/www.europesays.com\/fr\/wp-json\/wp\/v2\/media\/163951"}],"wp:attachment":[{"href":"https:\/\/www.europesays.com\/fr\/wp-json\/wp\/v2\/media?parent=163950"}],"wp:term":[{"taxonomy":"category","embeddable":true,"href":"https:\/\/www.europesays.com\/fr\/wp-json\/wp\/v2\/categories?post=163950"},{"taxonomy":"post_tag","embeddable":true,"href":"https:\/\/www.europesays.com\/fr\/wp-json\/wp\/v2\/tags?post=163950"}],"curies":[{"name":"wp","href":"https:\/\/api.w.org\/{rel}","templated":true}]}}