{"id":163956,"date":"2025-06-09T19:42:09","date_gmt":"2025-06-09T19:42:09","guid":{"rendered":"https:\/\/www.europesays.com\/fr\/163956\/"},"modified":"2025-06-09T19:42:09","modified_gmt":"2025-06-09T19:42:09","slug":"ce-lieu-ou-il-a-ete-vu-pour-la-derniere-fois-les-enqueteurs-sont-tres-inquiets","status":"publish","type":"post","link":"https:\/\/www.europesays.com\/fr\/163956\/","title":{"rendered":"ce lieu o\u00f9 il a \u00e9t\u00e9 vu pour la derni\u00e8re fois, \u201cLes enqu\u00eateurs sont tr\u00e8s inquiets\u201d"},"content":{"rendered":"<p itemprop=\"description\">\u00c0 Rouen, la disparition du jeune<br \/>\nAlexandr, 15 ans, inqui\u00e8te autant ses proches que les enqu\u00eateurs.<br \/>\nUn appel \u00e0 t\u00e9moins a \u00e9t\u00e9 lanc\u00e9 pour le retrouver.<\/p>\n<p>EN BREF<\/p>\n<ul class=\"bloc_resume_post_list\">\n<li>\ud83d\udd0d Le 2 juin 2025, Alexandr Grechanovsky, 15 ans,<br \/>\ndispara\u00eet \u00e0 Rouen, d\u00e9clenchant une enqu\u00eate et un appel \u00e0<br \/>\nt\u00e9moins.<\/li>\n<li>\ud83d\udeb6\u200d\u2642\ufe0f Ce lieu o\u00f9 Alexandr a \u00e9t\u00e9 vu pour la derni\u00e8re fois<br \/>\nest le point de d\u00e9part de l\u00a0\u00bbenqu\u00eate de la police.<\/li>\n<li>\ud83d\udce2 Les enqu\u00eateurs insistent sur l&rsquo;importance de chaque<br \/>\nsignalement, soulignant l&rsquo;inqui\u00e9tude croissante autour de cette<br \/>\ndisparition.<\/li>\n<\/ul>\n<p>La <a href=\"https:\/\/www.mariefrance.fr\/actualite\/societe\/elle-est-en-feu-apres-notre-dame-paris-fleche-cathedrale-rouen-brule-images-chocs-1048519.html\" rel=\"nofollow noopener\" target=\"_blank\"><br \/>\nville de Rouen<\/a> est secou\u00e9e par la disparition inqui\u00e9tante d\u2019un<br \/>\nmineur. Depuis le lundi 2 juin 2025, Alexandr Grechanovsky, n\u2019a<br \/>\nplus donn\u00e9 signe de vie. L\u2019adolescent de 15 ans a disparu sans<br \/>\nlaisser de traces. Une affaire d\u2019ores et d\u00e9j\u00e0 <strong>jug\u00e9e<br \/>\n\u201cinqui\u00e9tante\u201d<\/strong> par les enqu\u00eateurs. Afin de le retrouver au<br \/>\nplus vite, ils ont lanc\u00e9 un appel \u00e0 t\u00e9moins.<\/p>\n<p>\u00c2g\u00e9 de seulement 15 ans, Alexandr a <strong>myst\u00e9rieusement<br \/>\ndisparu<\/strong>. A-t-il fugu\u00e9 volontairement ? A-t-il \u00e9t\u00e9 victime<br \/>\nd\u2019un accident\u202f? Ou pire, a-t-il fait <a href=\"https:\/\/www.mariefrance.fr\/faits-divers\/disparition-inquietante-eva-16-ans-nice-piste-glacante-fait-craindre-pire-fait-mauvaises-rencontres-1159083.html\" rel=\"nofollow noopener\" target=\"_blank\"><br \/>\nune mauvaise rencontre<\/a> ? Pour l\u2019heure, la police rouennaise,<br \/>\nn\u2019a pas donn\u00e9 de pr\u00e9cision sur les pistes actuellement envisag\u00e9es.<br \/>\nEn revanche, les autorit\u00e9s ont \u00e9voqu\u00e9 le dernier lieu o\u00f9<br \/>\nl\u2019adolescent a \u00e9t\u00e9 vu.<\/p>\n<p><img aria-describedby=\"caption-attachment-1088742\" itemprop=\"thumbnailUrl\" decoding=\"async\" loading=\"lazy\" class=\"size-medium wp-image-1088742 img-responsive\" src=\"https:\/\/www.europesays.com\/fr\/wp-content\/uploads\/2025\/06\/des-fausses-familles-reperees-sur-les-autoroutes-par-les-gendarmes-de-quoi-sagit-il-2-680x383.jpg\" alt=\"&lt;p&gt;&lt;span style=\" font-weight:=\"\" data-mce-style=\"font-weight: 400;\"\/>Disparition inqui\u00e9tante d\u2019Alexandr, 15 ans, \u00e0 Rouen : ce lieu o\u00f9 il a \u00e9t\u00e9 vu pour la derni\u00e8re fois, \u201cLes enqu\u00eateurs sont inquiets\u201d\u00a0\u00bb width=\u00a0\u00bb680&Prime; height=\u00a0\u00bb383&Prime;&gt; \u00a9 Shutterstock<\/p>\n<p id=\"caption-attachment-1088742\" class=\"wp-caption-text\">Les<br \/>\nenqu\u00eateurs sont \u00e0 la recherche d&rsquo;Alexandr, 15 ans, disparu \u00e0 Rouen<br \/>\nle 2 juin 2025.\u00a0<\/p>\n<p>Disparition d&rsquo;Alexandr Grechanovsky : cet endroit o\u00f9<br \/>\nl\u2019adolescent a \u00e9t\u00e9 vu pour la derni\u00e8re fois<\/p>\n<p>La disparition inqui\u00e9tante d\u2019Alexandr Grechanovsky a \u00e9t\u00e9 reprise<br \/>\npar de nombreux m\u00e9dias et sur les r\u00e9seaux sociaux. Cette derni\u00e8re,<br \/>\nannonc\u00e9e par la police nationale, est accompagn\u00e9e d\u2019un appel \u00e0<br \/>\nt\u00e9moins avec <strong>une photo de l\u2019adolescent<\/strong>. Il est<br \/>\nd\u00e9crit comme un gar\u00e7on d\u20191m70 et de corpulence \u201cnormale\u201d, aux yeux<br \/>\nmarron et aux longs cheveux blonds raides.<\/p>\n<p>Le jour de sa disparition, l\u2019adolescent portait un bas de<br \/>\njogging gris, un t-shirt blanc avec une inscription bleue sur le<br \/>\ntorse, des baskets bleu et blanc de la marque New Balance et il<br \/>\nportait un sac de sport noir. Dans l\u2019appel \u00e0 t\u00e9moins, il est<br \/>\npr\u00e9cis\u00e9 qu\u2019Alexandr a \u00e9t\u00e9 <strong>vu pour la derni\u00e8re<br \/>\nfois<\/strong>, sortant de chez lui, pour se rendre \u00e0 <a href=\"https:\/\/www.mariefrance.fr\/actualite\/societe\/mort-dans-une-salle-de-sport-a-paris-cest-quoi-la-cryotherapie-la-therapie-par-le-froid-a-base-dazote-1150601.html\" rel=\"nofollow noopener\" target=\"_blank\"><br \/>\nla salle de sport<\/a>, situ\u00e9e rue Elbeuf \u00e0 Rouen. Il ne s\u2019y est<br \/>\njamais pr\u00e9sent\u00e9.<\/p>\n<blockquote class=\"twitter-tweet\"><p><a class=\"twitter-link\" rel=\"noindex, nofollow noopener\" href=\"https:\/\/twitter.com\/PoliceNat76\/status\/1930643400325218435\" target=\"_blank\"><\/p><\/blockquote>\n<p>Disparition inqui\u00e9tante<br \/>\nd&rsquo;Alexandr \u00e0 Rouen : les mots forts des enqu\u00eateurs<\/p>\n<p>Toute personne disposant d\u2019informations est invit\u00e9e \u00e0 contacter<br \/>\nl\u2019h\u00f4tel de police de Rouen au num\u00e9ro suivant : 02 32 81 25 00,<br \/>\nposte 764389 (en semaine) ou poste 762594 (nuits et week-end). Sur<br \/>\nle compte Facebook de la police nationale de la Seine-Maritime, on<br \/>\npeut \u00e9galement lire : \u201cses proches et <strong>les enqu\u00eateurs de<br \/>\nla Police Nationale sont tr\u00e8s inquiets<\/strong>\u201d, et d\u2019ajouter<br \/>\n: \u201cchaque signalement compte. Merci pour votre vigilance et<br \/>\nvotre partage\u201d.<\/p>\n<p>La disparition d\u2019Alexandr Grechanovsky est jug\u00e9e inqui\u00e9tante par<br \/>\nles autorit\u00e9s tout comme chaque <a href=\"https:\/\/www.mariefrance.fr\/faits-divers\/disparition-enfants-estelle-habib-mathis-meres-toujours-en-quete-verite-1167728.html\" rel=\"nofollow noopener\" target=\"_blank\"><br \/>\ndisparition de mineur<\/a>. En effet, en France, sont jug\u00e9es<br \/>\npr\u00e9occupantes toutes les affaires concernant des personnes de moins<br \/>\nde 18 ans. Dans le cas d\u2019une disparition d\u2019adulte, elle est jug\u00e9e<br \/>\ninqui\u00e9tante lorsqu\u2019elle est accompagn\u00e9e de circonstances<br \/>\nparticuli\u00e8res, comme une maladie, ou encore un contexte intime qui<br \/>\nlaisse entendre que la personne n\u2019est pas partie de son plein<br \/>\ngr\u00e9.<\/p>\n<p><script async src=\"https:\/\/platform.twitter.com\/widgets.js\" charset=\"utf-8\"><\/script><\/p>\n","protected":false},"excerpt":{"rendered":"\u00c0 Rouen, la disparition du jeune Alexandr, 15 ans, inqui\u00e8te autant ses proches que les enqu\u00eateurs. Un appel&hellip;\n","protected":false},"author":2,"featured_media":163957,"comment_status":"","ping_status":"","sticky":false,"template":"","format":"standard","meta":{"footnotes":""},"categories":[9587],"tags":[1111,11,1102,21303,1777,674,1011,27,12,5161,25,9590],"class_list":{"0":"post-163956","1":"post","2":"type-post","3":"status-publish","4":"format-standard","5":"has-post-thumbnail","7":"category-rouen","8":"tag-actu","9":"tag-actualites","10":"tag-breakingnews","11":"tag-buzz_nonli","12":"tag-eu","13":"tag-europe","14":"tag-fr","15":"tag-france","16":"tag-news","17":"tag-normandie","18":"tag-republique-francaise","19":"tag-rouen"},"share_on_mastodon":{"url":"https:\/\/pubeurope.com\/@fr\/114655116983262190","error":""},"_links":{"self":[{"href":"https:\/\/www.europesays.com\/fr\/wp-json\/wp\/v2\/posts\/163956","targetHints":{"allow":["GET"]}}],"collection":[{"href":"https:\/\/www.europesays.com\/fr\/wp-json\/wp\/v2\/posts"}],"about":[{"href":"https:\/\/www.europesays.com\/fr\/wp-json\/wp\/v2\/types\/post"}],"author":[{"embeddable":true,"href":"https:\/\/www.europesays.com\/fr\/wp-json\/wp\/v2\/users\/2"}],"replies":[{"embeddable":true,"href":"https:\/\/www.europesays.com\/fr\/wp-json\/wp\/v2\/comments?post=163956"}],"version-history":[{"count":0,"href":"https:\/\/www.europesays.com\/fr\/wp-json\/wp\/v2\/posts\/163956\/revisions"}],"wp:featuredmedia":[{"embeddable":true,"href":"https:\/\/www.europesays.com\/fr\/wp-json\/wp\/v2\/media\/163957"}],"wp:attachment":[{"href":"https:\/\/www.europesays.com\/fr\/wp-json\/wp\/v2\/media?parent=163956"}],"wp:term":[{"taxonomy":"category","embeddable":true,"href":"https:\/\/www.europesays.com\/fr\/wp-json\/wp\/v2\/categories?post=163956"},{"taxonomy":"post_tag","embeddable":true,"href":"https:\/\/www.europesays.com\/fr\/wp-json\/wp\/v2\/tags?post=163956"}],"curies":[{"name":"wp","href":"https:\/\/api.w.org\/{rel}","templated":true}]}}