{"id":163958,"date":"2025-06-09T19:43:11","date_gmt":"2025-06-09T19:43:11","guid":{"rendered":"https:\/\/www.europesays.com\/fr\/163958\/"},"modified":"2025-06-09T19:43:11","modified_gmt":"2025-06-09T19:43:11","slug":"grenoble-un-jeune-homme-de-20-ans-blesse-par-balle-dans-le-quartier-de-la-villeneuve","status":"publish","type":"post","link":"https:\/\/www.europesays.com\/fr\/163958\/","title":{"rendered":"Grenoble . Un jeune homme de 20 ans bless\u00e9 par balle dans le quartier de la Villeneuve"},"content":{"rendered":"<p>Un jeune homme \u00e2g\u00e9 de 20 ans a \u00e9t\u00e9 vis\u00e9 par au moins un coup de feu, ce lundi 9 juin vers 20h30, alors qu&rsquo;il se trouvait place du March\u00e9 au c\u0153ur du quartier de la Villeneuve \u00e0 Grenoble.<\/p>\n<p>Ce contenu est bloqu\u00e9 car vous n&rsquo;avez pas accept\u00e9 les cookies et autres traceurs.<\/p>\n<p>En cliquant sur \u00ab J\u2019accepte \u00bb, les cookies et autres traceurs seront d\u00e9pos\u00e9s et vous pourrez visualiser les contenus  (<a href=\"\" class=\"consentModule_policy\" target=\"_blank\" title=\"Consulter la politique de protection des donn\u00e9es du fournisseur\">plus d&rsquo;informations<\/a>).<\/p>\n<p>En cliquant sur \u00ab J\u2019accepte tous les cookies \u00bb, vous autorisez des d\u00e9p\u00f4ts de cookies et autres traceurs pour le stockage de vos donn\u00e9es sur nos sites et applications \u00e0 des fins de personnalisation et de ciblage publicitaire.<\/p>\n<p class=\"consentModule_secondaryText\">Vous gardez la possibilit\u00e9 de retirer votre consentement \u00e0 tout moment en consultant notre <a href=\"https:\/\/www.ledauphine.com\/protection-des-donnees\" target=\"_blank\" title=\"Consulter notre politique de protection des donn\u00e9es\" rel=\"nofollow noopener\">politique de protection des donn\u00e9es<\/a>. <br \/>&#13;<br \/>\n            <a href=\"https:\/\/www.ledauphine.com\/faits-divers-justice\/2025\/06\/09\/javascript:Didomi.notice.show()\" class=\"consentModule_cmp\" rel=\"nofollow noopener\" target=\"_blank\">G\u00e9rer mes choix<\/a>&#13;\n        <\/p>\n<p>&#13;<br \/>\n                        J&rsquo;accepte&#13;<br \/>\n            J&rsquo;accepte tous les cookies&#13;\n        <\/p>\n<p>Atteint par un projectile au niveau d&rsquo;un mollet, il a \u00e9t\u00e9 secouru par les sapeurs-pompiers qui l&rsquo;ont transport\u00e9 au CHU Grenoble Alpes.<\/p>\n<p>Les policiers grenoblois vont devoir \u00e9tablir les circonstances dans lesquelles il a \u00e9t\u00e9 pris pour cible.<\/p>\n<p>On ignore si le tireur \u00e9tait seul au moment des faits et comment il circulait mais, selon nos informations, quelques minutes plus t\u00f4t, deux hommes juch\u00e9s sur une moto auraient \u00e9t\u00e9 vus en train de tirer plusieurs coups de feu en l&rsquo;air \u00e0 quelques centaines de m\u00e8tres de l\u00e0, sur l&rsquo;avenue de l&rsquo;Europe.<\/p>\n","protected":false},"excerpt":{"rendered":"Un jeune homme \u00e2g\u00e9 de 20 ans a \u00e9t\u00e9 vis\u00e9 par au moins un coup de feu, ce&hellip;\n","protected":false},"author":2,"featured_media":163959,"comment_status":"","ping_status":"","sticky":false,"template":"","format":"standard","meta":{"footnotes":""},"categories":[9566],"tags":[1111,11,2430,271,272,112,1777,674,274,107,1011,27,2731,108,12,25],"class_list":{"0":"post-163958","1":"post","2":"type-post","3":"status-publish","4":"format-standard","5":"has-post-thumbnail","7":"category-grenoble","8":"tag-actu","9":"tag-actualites","10":"tag-auvergne-rhone-alpes","11":"tag-crime","12":"tag-delit-et-contravention","13":"tag-edition-grenoble-agglomeration","14":"tag-eu","15":"tag-europe","16":"tag-faits-divers-justice","17":"tag-fil-info","18":"tag-fr","19":"tag-france","20":"tag-grenoble","21":"tag-isere","22":"tag-news","23":"tag-republique-francaise"},"share_on_mastodon":{"url":"https:\/\/pubeurope.com\/@fr\/114655120925393822","error":""},"_links":{"self":[{"href":"https:\/\/www.europesays.com\/fr\/wp-json\/wp\/v2\/posts\/163958","targetHints":{"allow":["GET"]}}],"collection":[{"href":"https:\/\/www.europesays.com\/fr\/wp-json\/wp\/v2\/posts"}],"about":[{"href":"https:\/\/www.europesays.com\/fr\/wp-json\/wp\/v2\/types\/post"}],"author":[{"embeddable":true,"href":"https:\/\/www.europesays.com\/fr\/wp-json\/wp\/v2\/users\/2"}],"replies":[{"embeddable":true,"href":"https:\/\/www.europesays.com\/fr\/wp-json\/wp\/v2\/comments?post=163958"}],"version-history":[{"count":0,"href":"https:\/\/www.europesays.com\/fr\/wp-json\/wp\/v2\/posts\/163958\/revisions"}],"wp:featuredmedia":[{"embeddable":true,"href":"https:\/\/www.europesays.com\/fr\/wp-json\/wp\/v2\/media\/163959"}],"wp:attachment":[{"href":"https:\/\/www.europesays.com\/fr\/wp-json\/wp\/v2\/media?parent=163958"}],"wp:term":[{"taxonomy":"category","embeddable":true,"href":"https:\/\/www.europesays.com\/fr\/wp-json\/wp\/v2\/categories?post=163958"},{"taxonomy":"post_tag","embeddable":true,"href":"https:\/\/www.europesays.com\/fr\/wp-json\/wp\/v2\/tags?post=163958"}],"curies":[{"name":"wp","href":"https:\/\/api.w.org\/{rel}","templated":true}]}}