{"id":163960,"date":"2025-06-09T19:44:15","date_gmt":"2025-06-09T19:44:15","guid":{"rendered":"https:\/\/www.europesays.com\/fr\/163960\/"},"modified":"2025-06-09T19:44:15","modified_gmt":"2025-06-09T19:44:15","slug":"plus-de-1000-manifestants-a-grenoble","status":"publish","type":"post","link":"https:\/\/www.europesays.com\/fr\/163960\/","title":{"rendered":"plus de 1000 manifestants \u00e0 Grenoble"},"content":{"rendered":"<p>\u00ab Palestine vaincra, Palestine Vivra \u00bb \u00ab Lib\u00e9rez Rima \u00bb\u2026 Ce lundi \u00e0 18 heures, les drapeaux palestiniens ont fleuri un \u00e0 un au rythme des slogans sur la place Victor Hugo de Grenoble alors que des centaines Grenoblois se sont r\u00e9unis pour s\u2019opposer notamment \u00e0 <a href=\"https:\/\/www.ledauphine.com\/defense-guerre-conflit\/2025\/06\/08\/l-armee-israelienne-va-empecher-l-arrivee-a-gaza-du-navire-humanitaire-de-greta-thunberg\" target=\"_blank\" rel=\"nofollow noopener\">l\u2019arrestation du bateau Madleen<\/a> par l&rsquo;arm\u00e9e isra\u00e9lienne.<\/p>\n<p>La d\u00e9claration d\u2019<a href=\"https:\/\/www.ledauphine.com\/p\/emmanuel-macron\" target=\"_blank\" rel=\"nofollow noopener\">Emmanuel Macron<\/a> r\u00e9clamant un retour des six ressortissants fran\u00e7ais n\u2019a pas calm\u00e9 les revendications et les slogans associant le pr\u00e9sident fran\u00e7ais au \u00ab g\u00e9nocide \u00bb isra\u00e9lien ont longuement r\u00e9sonn\u00e9 place Victor-Hugo.<\/p>\n<p>Si l\u2019interception du bateau humanitaire qui transportait notamment l&rsquo;eurod\u00e9put\u00e9e insoumise Rima Hassan fut le d\u00e9clencheur des manifestations <a href=\"https:\/\/www.ledauphine.com\/defense-guerre-conflit\/2025\/06\/09\/bateau-humanitaire-pour-gaza-un-rassemblement-en-soutien-a-vienne\" target=\"_blank\" rel=\"nofollow noopener\">partout en France<\/a>, les revendications des femmes, hommes et enfants mobilis\u00e9s concerne la situation globale qui r\u00e8gne aux fronti\u00e8res isra\u00e9liennes.<\/p>\n<p>Apr\u00e8s de nombreuses prises de parole sur la place Victor Hugo ce sont plus d\u2019un millier de manifestants qui apr\u00e8s avoir pris la direction de l\u2019avenue Alsace Lorraine remontent le cours Jean Jaur\u00e8s sur les rails du tram grenoblois. \u00ab C\u2019est \u00e9norme je n\u2019aurais jamais cru qu\u2019autant de monde se mobilise. \u00c7a montre bien que les Fran\u00e7ais ne sont pas insensibles aux atrocit\u00e9s qui se d\u00e9roulent en Palestine \u00bb confie un homme \u00e9mu aux larmes.\u00a0<\/p>\n","protected":false},"excerpt":{"rendered":"\u00ab Palestine vaincra, Palestine Vivra \u00bb \u00ab Lib\u00e9rez Rima \u00bb\u2026 Ce lundi \u00e0 18 heures, les drapeaux palestiniens&hellip;\n","protected":false},"author":2,"featured_media":163961,"comment_status":"","ping_status":"","sticky":false,"template":"","format":"standard","meta":{"footnotes":""},"categories":[9566],"tags":[1111,11,2430,3206,112,1777,674,1011,27,2731,108,12,25,104],"class_list":{"0":"post-163960","1":"post","2":"type-post","3":"status-publish","4":"format-standard","5":"has-post-thumbnail","7":"category-grenoble","8":"tag-actu","9":"tag-actualites","10":"tag-auvergne-rhone-alpes","11":"tag-defense-guerre-conflit","12":"tag-edition-grenoble-agglomeration","13":"tag-eu","14":"tag-europe","15":"tag-fr","16":"tag-france","17":"tag-grenoble","18":"tag-isere","19":"tag-news","20":"tag-republique-francaise","21":"tag-societe"},"share_on_mastodon":{"url":"https:\/\/pubeurope.com\/@fr\/114655124754116194","error":""},"_links":{"self":[{"href":"https:\/\/www.europesays.com\/fr\/wp-json\/wp\/v2\/posts\/163960","targetHints":{"allow":["GET"]}}],"collection":[{"href":"https:\/\/www.europesays.com\/fr\/wp-json\/wp\/v2\/posts"}],"about":[{"href":"https:\/\/www.europesays.com\/fr\/wp-json\/wp\/v2\/types\/post"}],"author":[{"embeddable":true,"href":"https:\/\/www.europesays.com\/fr\/wp-json\/wp\/v2\/users\/2"}],"replies":[{"embeddable":true,"href":"https:\/\/www.europesays.com\/fr\/wp-json\/wp\/v2\/comments?post=163960"}],"version-history":[{"count":0,"href":"https:\/\/www.europesays.com\/fr\/wp-json\/wp\/v2\/posts\/163960\/revisions"}],"wp:featuredmedia":[{"embeddable":true,"href":"https:\/\/www.europesays.com\/fr\/wp-json\/wp\/v2\/media\/163961"}],"wp:attachment":[{"href":"https:\/\/www.europesays.com\/fr\/wp-json\/wp\/v2\/media?parent=163960"}],"wp:term":[{"taxonomy":"category","embeddable":true,"href":"https:\/\/www.europesays.com\/fr\/wp-json\/wp\/v2\/categories?post=163960"},{"taxonomy":"post_tag","embeddable":true,"href":"https:\/\/www.europesays.com\/fr\/wp-json\/wp\/v2\/tags?post=163960"}],"curies":[{"name":"wp","href":"https:\/\/api.w.org\/{rel}","templated":true}]}}