{"id":163966,"date":"2025-06-09T19:49:25","date_gmt":"2025-06-09T19:49:25","guid":{"rendered":"https:\/\/www.europesays.com\/fr\/163966\/"},"modified":"2025-06-09T19:49:25","modified_gmt":"2025-06-09T19:49:25","slug":"strasbourg-recule-mulhouse-se-maintient-2","status":"publish","type":"post","link":"https:\/\/www.europesays.com\/fr\/163966\/","title":{"rendered":"Strasbourg recule, Mulhouse se maintient"},"content":{"rendered":"<p>Toulouse, Montpellier et Besan\u00e7on\u00a0: voici le trio de t\u00eate du classement des villes \u00e9tudiantes \u00e9tabli par le magazine <a href=\"https:\/\/www.letudiant.fr\/classements\/classement-des-villes-etudiantes.html\" target=\"_blank\" rel=\"nofollow noopener\">L\u2019\u00c9tudiant pour l\u2019ann\u00e9e 2025<\/a> et d\u00e9voil\u00e9 vendredi 6\u00a0juin dernier.<\/p>\n<p>Strasbourg se retrouve \u00e0 la 8e  place, perdant ainsi deux places par rapport \u00e0 l\u2019ann\u00e9e 2024. Mulhouse se maintient, par rapport \u00e0 l\u2019ann\u00e9e derni\u00e8re, \u00e0 la 31e place,  ex aequo avec Le\u00a0Havre, Metz, Pau ou Perpignan. En tout, 47 villes sont class\u00e9es.<\/p>\n<p>Le classement de L\u2019\u00c9tudiant comporte de nombreux \u00e9l\u00e9ments, qui vont de l\u2019accessibilit\u00e9 au logement en passant par la qualit\u00e9 de l\u2019air ou les aides accord\u00e9es aux \u00e9tudiants par les municipalit\u00e9s. Sans oublier, bien entendu, les offres de formation propos\u00e9es, le cadre de vie ou la qualit\u00e9 de la vie \u00e9tudiante. L\u2019attractivit\u00e9 des villes pour y trouver un emploi est aussi prise en compte. En tout, 12 crit\u00e8res sont mesur\u00e9s pour \u00e9tablir le classement.<\/p>\n","protected":false},"excerpt":{"rendered":"Toulouse, Montpellier et Besan\u00e7on\u00a0: voici le trio de t\u00eate du classement des villes \u00e9tudiantes \u00e9tabli par le magazine&hellip;\n","protected":false},"author":2,"featured_media":163965,"comment_status":"","ping_status":"","sticky":false,"template":"","format":"standard","meta":{"footnotes":""},"categories":[2820],"tags":[1111,11,2389,1057,4854,1777,674,107,1011,27,775,12,25,640],"class_list":{"0":"post-163966","1":"post","2":"type-post","3":"status-publish","4":"format-standard","5":"has-post-thumbnail","7":"category-strasbourg","8":"tag-actu","9":"tag-actualites","10":"tag-alsace","11":"tag-education","12":"tag-enseignement-superieur","13":"tag-eu","14":"tag-europe","15":"tag-fil-info","16":"tag-fr","17":"tag-france","18":"tag-grand-est","19":"tag-news","20":"tag-republique-francaise","21":"tag-strasbourg"},"share_on_mastodon":{"url":"https:\/\/pubeurope.com\/@fr\/114655144411172853","error":""},"_links":{"self":[{"href":"https:\/\/www.europesays.com\/fr\/wp-json\/wp\/v2\/posts\/163966","targetHints":{"allow":["GET"]}}],"collection":[{"href":"https:\/\/www.europesays.com\/fr\/wp-json\/wp\/v2\/posts"}],"about":[{"href":"https:\/\/www.europesays.com\/fr\/wp-json\/wp\/v2\/types\/post"}],"author":[{"embeddable":true,"href":"https:\/\/www.europesays.com\/fr\/wp-json\/wp\/v2\/users\/2"}],"replies":[{"embeddable":true,"href":"https:\/\/www.europesays.com\/fr\/wp-json\/wp\/v2\/comments?post=163966"}],"version-history":[{"count":0,"href":"https:\/\/www.europesays.com\/fr\/wp-json\/wp\/v2\/posts\/163966\/revisions"}],"wp:featuredmedia":[{"embeddable":true,"href":"https:\/\/www.europesays.com\/fr\/wp-json\/wp\/v2\/media\/163965"}],"wp:attachment":[{"href":"https:\/\/www.europesays.com\/fr\/wp-json\/wp\/v2\/media?parent=163966"}],"wp:term":[{"taxonomy":"category","embeddable":true,"href":"https:\/\/www.europesays.com\/fr\/wp-json\/wp\/v2\/categories?post=163966"},{"taxonomy":"post_tag","embeddable":true,"href":"https:\/\/www.europesays.com\/fr\/wp-json\/wp\/v2\/tags?post=163966"}],"curies":[{"name":"wp","href":"https:\/\/api.w.org\/{rel}","templated":true}]}}