{"id":163967,"date":"2025-06-09T19:50:09","date_gmt":"2025-06-09T19:50:09","guid":{"rendered":"https:\/\/www.europesays.com\/fr\/163967\/"},"modified":"2025-06-09T19:50:09","modified_gmt":"2025-06-09T19:50:09","slug":"a-nice-marine-tondelier-plaide-pour-une-vraie-sanctuarisation-des-aires-marines-protegees","status":"publish","type":"post","link":"https:\/\/www.europesays.com\/fr\/163967\/","title":{"rendered":"A Nice, Marine Tondelier plaide pour une \u00ab\u00a0vraie sanctuarisation des aires marines prot\u00e9g\u00e9es\u00a0\u00bb"},"content":{"rendered":"<p>Attraper un train pour passer du plateau de T\u00e9l\u00e9matin aux trav\u00e9es de La Baleine. Tel \u00e9tait, ce lundi, le programme de Marine Tondelier et de sa veste verte. La secr\u00e9taire nationale d\u2019Europe \u00e9cologie-Les Verts (EELV) \u00e9tait de passage \u00e0 Nice en marge de l\u2019Unoc pour y marteler les attentes de son parti afin que le rendez-vous n\u2019accouche pas d\u2019une souris. A commencer par une \u00ab\u00a0vraie sanctuarisation des aires marines prot\u00e9g\u00e9es\u00a0\u00bb (AMP).<\/p>\n<p>\u00ab\u00a0Emmanuel Macron se vante que la France ait 30% de sa zone \u00e9conomique exclusive en [AMP]. Prot\u00e9g\u00e9es&#8230; de quoi? Selon les standards internationaux, on n\u2019a pas le droit d\u2019y avoir des activit\u00e9s destructrices. En France, seul 0,1% est en fait vraiment sanctuaris\u00e9\u00a0\u00bb, d\u00e9plore-t-elle. Enjoignant le Pr\u00e9sident \u00e0 ne pas \u00ab\u00a0se cacher\u00a0\u00bb derri\u00e8re l\u2019annonce de la cr\u00e9ation d\u2019une grand aire en Polyn\u00e9sie fran\u00e7aise pour \u00ab\u00a0ne rien faire en m\u00e9tropole\u00a0\u00bb, elle plaide aussi pour \u00ab\u00a0interdire les chalutiers de plus de 25m le long des c\u00f4tes\u00a0\u00bb. Une bou\u00e9e de sauvetage pour la p\u00eache artisanale \u00ab\u00a0qui cr\u00e8ve\u00a0\u00bb, dixit l\u2019\u00e9lue.<\/p>\n<p>\u00ab\u00a0Faites un r\u00e9f\u00e9rendum!\u00a0\u00bb<\/p>\n<p>Pos\u00e9e sur une chaise jaune au milieu d\u2019une all\u00e9e du Palais des expos ni\u00e7ois, espace grand public de l\u2019Unoc, l\u2019\u00e9cologiste a atterri dans le t\u00e9l\u00e9phone du pr\u00e9sident de R\u00e9gion Renaud Muselier, venu la saluer et&#8230; glaner un selfie! Marine Tondelier a surtout profit\u00e9 de sa venue pour tacler la politique nationale. Suspension du dispositif MaPrimeR\u00e9nov, suppression par le parlement des Zones \u00e0 faible \u00e9mission&#8230; \u00ab\u00a0J\u2019ai vu qu\u2019Emmanuel Macron s\u2019\u00e9tait \u00e9mu de ces reculs lors de l\u2019Unoc, tan\u00e7ant ses troupes. Quelle audace! Cela fait des mois que \u00e7a dure: fin du leasing social pour les voitures \u00e9lectriques, baisse de 66% du fonds verts. Il veut aussi nous faire croire que Fran\u00e7ois Bayrou, macroniste de la premi\u00e8re heure, n\u2019\u00e9tait pas son choix?\u00a0\u00bb, raille-t-elle. Et la secr\u00e9taire d\u2019EELV de lui lancer: \u00ab\u00a0Vous voulez des r\u00e9f\u00e9rendums? Faites-en un pour demander aux Fran\u00e7ais s\u2019ils veulent des substances neurotoxiques dans l\u2019environnement\u00a0\u00bb. Dans son viseur: la r\u00e9introduction, act\u00e9e en commission \u00e0 l\u2019Assembl\u00e9e, de l\u2019ac\u00e9tamipride, un pesticide aux dangers av\u00e9r\u00e9s pour la biodiversit\u00e9, point\u00e9 par plusieurs chercheurs fran\u00e7ais pour sa persistance dans le corps humain.<\/p>\n","protected":false},"excerpt":{"rendered":"Attraper un train pour passer du plateau de T\u00e9l\u00e9matin aux trav\u00e9es de La Baleine. Tel \u00e9tait, ce lundi,&hellip;\n","protected":false},"author":2,"featured_media":163968,"comment_status":"","ping_status":"","sticky":false,"template":"","format":"standard","meta":{"footnotes":""},"categories":[2819],"tags":[1111,11,1129,436,1777,674,1011,27,12,2401,316,882,25],"class_list":{"0":"post-163967","1":"post","2":"type-post","3":"status-publish","4":"format-standard","5":"has-post-thumbnail","7":"category-nice","8":"tag-actu","9":"tag-actualites","10":"tag-climat","11":"tag-environnement","12":"tag-eu","13":"tag-europe","14":"tag-fr","15":"tag-france","16":"tag-news","17":"tag-nice","18":"tag-politique","19":"tag-provence-alpes-cote-dazur","20":"tag-republique-francaise"},"share_on_mastodon":{"url":"https:\/\/pubeurope.com\/@fr\/114655148368813666","error":""},"_links":{"self":[{"href":"https:\/\/www.europesays.com\/fr\/wp-json\/wp\/v2\/posts\/163967","targetHints":{"allow":["GET"]}}],"collection":[{"href":"https:\/\/www.europesays.com\/fr\/wp-json\/wp\/v2\/posts"}],"about":[{"href":"https:\/\/www.europesays.com\/fr\/wp-json\/wp\/v2\/types\/post"}],"author":[{"embeddable":true,"href":"https:\/\/www.europesays.com\/fr\/wp-json\/wp\/v2\/users\/2"}],"replies":[{"embeddable":true,"href":"https:\/\/www.europesays.com\/fr\/wp-json\/wp\/v2\/comments?post=163967"}],"version-history":[{"count":0,"href":"https:\/\/www.europesays.com\/fr\/wp-json\/wp\/v2\/posts\/163967\/revisions"}],"wp:featuredmedia":[{"embeddable":true,"href":"https:\/\/www.europesays.com\/fr\/wp-json\/wp\/v2\/media\/163968"}],"wp:attachment":[{"href":"https:\/\/www.europesays.com\/fr\/wp-json\/wp\/v2\/media?parent=163967"}],"wp:term":[{"taxonomy":"category","embeddable":true,"href":"https:\/\/www.europesays.com\/fr\/wp-json\/wp\/v2\/categories?post=163967"},{"taxonomy":"post_tag","embeddable":true,"href":"https:\/\/www.europesays.com\/fr\/wp-json\/wp\/v2\/tags?post=163967"}],"curies":[{"name":"wp","href":"https:\/\/api.w.org\/{rel}","templated":true}]}}