{"id":163971,"date":"2025-06-09T19:52:11","date_gmt":"2025-06-09T19:52:11","guid":{"rendered":"https:\/\/www.europesays.com\/fr\/163971\/"},"modified":"2025-06-09T19:52:11","modified_gmt":"2025-06-09T19:52:11","slug":"les-chauffeurs-vtc-prevoient-une-action","status":"publish","type":"post","link":"https:\/\/www.europesays.com\/fr\/163971\/","title":{"rendered":"les chauffeurs VTC pr\u00e9voient une action"},"content":{"rendered":"<p>\u00ab\u00a0Il est aujourd\u2019hui possible de devenir VTC pour un co\u00fbt de 20\u00a0euros seulement\u00a0\u00bb, d\u00e9nonce l\u2019Association des chauffeurs ind\u00e9pendants lyonnais (ACIL), dans un document faisant l\u2019\u00e9tat des lieux du secteur VTC au mois de juin\u00a02025 et remis en mains propres aux ministres charg\u00e9s du Travail et des Transports.<\/p>\n<p>  Une explosion du nombre de chauffeurs<\/p>\n<p>Et d\u2019avancer, en cons\u00e9quence, des chiffres \u00e9loquents\u00a0: \u00ab\u00a0Au 1er\u00a0janvier 2025, 94\u00a0663 cartes professionnelles VTC \u00e9taient actives en France\u00a0\u00bb, contre 47\u00a0000 chauffeurs en 2022.\u00a0\u00bb<\/p>\n<p>Afin de promouvoir une r\u00e9gulation du nombre de chauffeurs dans le secteur, et de \u00ab\u00a0demander des ajustements locaux pour faciliter notre activit\u00e9, comme l\u2019ouverture partielle de la rue Grenette en heures creuses et le retrait du sens interdit rue \u00c9douard Herriot dans la ZTL\u00a0\u00bb, les chauffeurs VTC organisent une action \u00e0 Lyon ce mardi 10\u00a0juin.<\/p>\n<p>Une action qui va durer\u00a0?<\/p>\n<p>Concr\u00e8tement, celle-ci d\u00e9butera \u00e0 9\u00a0h devant la Chambre des m\u00e9tiers (CMA) \u00e0 Lyon (2e). Les chauffeurs remonteront ensuite en cort\u00e8ge le cours Charlemagne, passeront par le quai du Dr\u00a0 \u00a0 Gailleton, afin de bloquer la rue Grenette \u00e0 partir de 11\u00a0h.<\/p>\n<p>\u00ab\u00a0Nous r\u00e9fl\u00e9chirons sur place \u00e0 la possibilit\u00e9 de rester plusieurs jours pour faire entendre nos revendications\u00a0\u00bb, conclut le communiqu\u00e9 annon\u00e7ant la manifestation.<\/p>\n","protected":false},"excerpt":{"rendered":"\u00ab\u00a0Il est aujourd\u2019hui possible de devenir VTC pour un co\u00fbt de 20\u00a0euros seulement\u00a0\u00bb, d\u00e9nonce l\u2019Association des chauffeurs ind\u00e9pendants&hellip;\n","protected":false},"author":2,"featured_media":163972,"comment_status":"","ping_status":"","sticky":false,"template":"","format":"standard","meta":{"footnotes":""},"categories":[2818],"tags":[1111,11,3542,2757,1777,674,107,1011,27,2428,2756,766,12,2636,25,2429,2803],"class_list":{"0":"post-163971","1":"post","2":"type-post","3":"status-publish","4":"format-standard","5":"has-post-thumbnail","7":"category-nantes","8":"tag-actu","9":"tag-actualites","10":"tag-circulation","11":"tag-edition-lyon-villeurbanne","12":"tag-eu","13":"tag-europe","14":"tag-fil-info","15":"tag-fr","16":"tag-france","17":"tag-lyon","18":"tag-lyon-bassin","19":"tag-nantes","20":"tag-news","21":"tag-pays-de-la-loire","22":"tag-republique-francaise","23":"tag-rhone","24":"tag-transport"},"share_on_mastodon":{"url":"https:\/\/pubeurope.com\/@fr\/114655156205977932","error":""},"_links":{"self":[{"href":"https:\/\/www.europesays.com\/fr\/wp-json\/wp\/v2\/posts\/163971","targetHints":{"allow":["GET"]}}],"collection":[{"href":"https:\/\/www.europesays.com\/fr\/wp-json\/wp\/v2\/posts"}],"about":[{"href":"https:\/\/www.europesays.com\/fr\/wp-json\/wp\/v2\/types\/post"}],"author":[{"embeddable":true,"href":"https:\/\/www.europesays.com\/fr\/wp-json\/wp\/v2\/users\/2"}],"replies":[{"embeddable":true,"href":"https:\/\/www.europesays.com\/fr\/wp-json\/wp\/v2\/comments?post=163971"}],"version-history":[{"count":0,"href":"https:\/\/www.europesays.com\/fr\/wp-json\/wp\/v2\/posts\/163971\/revisions"}],"wp:featuredmedia":[{"embeddable":true,"href":"https:\/\/www.europesays.com\/fr\/wp-json\/wp\/v2\/media\/163972"}],"wp:attachment":[{"href":"https:\/\/www.europesays.com\/fr\/wp-json\/wp\/v2\/media?parent=163971"}],"wp:term":[{"taxonomy":"category","embeddable":true,"href":"https:\/\/www.europesays.com\/fr\/wp-json\/wp\/v2\/categories?post=163971"},{"taxonomy":"post_tag","embeddable":true,"href":"https:\/\/www.europesays.com\/fr\/wp-json\/wp\/v2\/tags?post=163971"}],"curies":[{"name":"wp","href":"https:\/\/api.w.org\/{rel}","templated":true}]}}