{"id":163981,"date":"2025-06-09T19:57:08","date_gmt":"2025-06-09T19:57:08","guid":{"rendered":"https:\/\/www.europesays.com\/fr\/163981\/"},"modified":"2025-06-09T19:57:08","modified_gmt":"2025-06-09T19:57:08","slug":"un-incendie-se-declare-sur-le-chantier-dans-un-petit-village-entre-castres-et-toulouse","status":"publish","type":"post","link":"https:\/\/www.europesays.com\/fr\/163981\/","title":{"rendered":"un incendie se d\u00e9clare sur le chantier dans un petit village entre Castres et Toulouse"},"content":{"rendered":"<p>            Par<br \/>\n        <strong><br \/>\n            <a href=\"https:\/\/actu.fr\/auteur\/paul-2\" title=\"Consulter tous les articles de Paul Halbedel\" target=\"_blank\" rel=\"noopener\">Paul Halbedel<\/a><br \/>\n        <\/strong><\/p>\n<p>        Publi\u00e9 le<\/p>\n<p>            9 juin 2025 \u00e0 21h35        <\/p>\n<p>Alors que les travaux de construction de l\u2019<a href=\"https:\/\/actu.fr\/tag\/autoroute-castres-toulouse-a69\" target=\"_blank\" rel=\"noopener\">autoroute A69 entre Castres et Toulouse<\/a> doivent reprendre d\u2019ici quelques semaines \u00e0 la suite du <a href=\"https:\/\/actu.fr\/occitanie\/toulouse_31555\/autoroute-a69-castres-toulouse-c-est-officiel-la-justice-autorise-la-reprise-du-chantier_62697937.html\" target=\"_blank\" rel=\"noopener\">feu vert donn\u00e9 par la justice administrative<\/a>, <strong>un incendie est survenu lundi 9 juin au petit matin<\/strong> sur le chantier de la future infrastructure.<\/p>\n<p class=\" wall-content\">Le feu s\u2019est d\u00e9clar\u00e9 sur un <strong>coffrage destin\u00e9 \u00e0 accueillir un ouvrage d\u2019art<\/strong>, a appris la r\u00e9daction d\u2019<a href=\"https:\/\/actu.fr\/toulouse\/\" target=\"_blank\" rel=\"noopener\">Actu Toulouse<\/a> aupr\u00e8s de la gendarmerie. Des faits qui se sont d\u00e9roul\u00e9s \u00e0 hauteur de la commune de <a href=\"https:\/\/actu.fr\/occitanie\/teulat_81298\" target=\"_blank\" rel=\"noopener\">Teulat<\/a>, dans le <a href=\"https:\/\/actu.fr\/occitanie\/tarn_81\" target=\"_blank\" rel=\"noopener\">Tarn<\/a>.<\/p>\n<p>Pas d\u2019interpellation<\/p>\n<p class=\" wall-content\">Alert\u00e9e des faits, la gendarmerie a \u00e9t\u00e9 d\u00e9p\u00each\u00e9e sur les lieux de l\u2019incident en d\u00e9but de matin\u00e9e, entre 8 h et 9 h. A l\u2019arriv\u00e9e des militaires, <strong>le sinistre \u00e9tait toujours en cours<\/strong>. <\/p>\n<p class=\" wall-content\"><strong>Aucune personne n\u2019a \u00e9t\u00e9 interpell\u00e9e sur place <\/strong>par les forces de l\u2019ordre. Cet incendie aurait \u00e9t\u00e9 allum\u00e9 par plusieurs individus, sur cette portion de chantier en sommeil depuis la suspension des travaux \u00e0 la fin du mois de f\u00e9vrier.<\/p>\n<p class=\" wall-content\"><strong>Avec Guillaume Laurens<\/strong><\/p>\n<p class=\" wall-content\">Suivez toute l\u2019actualit\u00e9 de vos villes et m\u00e9dias favoris en vous inscrivant \u00e0 <a href=\"https:\/\/moncompte.actu.fr\" title=\"D\u00e9couvez Mon Actu\" rel=\"nofollow noopener\" data-trk=\"{&quot;cta&quot;:{&quot;action&quot;:&quot;https:\\\/\\\/moncompte.actu.fr&quot;,&quot;category&quot;:&quot;mon compte&quot;,&quot;from&quot;:&quot;article footer&quot;,&quot;name&quot;:&quot;Mon actu&quot;,&quot;type&quot;:&quot;cta&quot;}}\" target=\"_blank\">Mon Actu<\/a>.<\/p>\n<ul class=\"ac-article-tag wall-content\">\n<li><a href=\"https:\/\/actu.fr\/tag\/autoroute-castres-toulouse-a69\" data-trk=\"{&quot;cta&quot;:{&quot;action&quot;:&quot;Autoroute Castres-Toulouse (A69)&quot;,&quot;category&quot;:&quot;tag&quot;,&quot;from&quot;:&quot;article footer&quot;,&quot;name&quot;:&quot;Autoroute Castres-Toulouse (A69)&quot;,&quot;type&quot;:&quot;cta&quot;}}\" target=\"_blank\" rel=\"noopener\">#Autoroute Castres-Toulouse (A69)<\/a><\/li>\n<li><a href=\"https:\/\/actu.fr\/tag\/gendarmerie\" data-trk=\"{&quot;cta&quot;:{&quot;action&quot;:&quot;Gendarmerie&quot;,&quot;category&quot;:&quot;tag&quot;,&quot;from&quot;:&quot;article footer&quot;,&quot;name&quot;:&quot;Gendarmerie&quot;,&quot;type&quot;:&quot;cta&quot;}}\" target=\"_blank\" rel=\"noopener\">#Gendarmerie<\/a><\/li>\n<\/ul>\n","protected":false},"excerpt":{"rendered":"Par Paul Halbedel Publi\u00e9 le 9 juin 2025 \u00e0 21h35 Alors que les travaux de construction de l\u2019autoroute&hellip;\n","protected":false},"author":2,"featured_media":163982,"comment_status":"","ping_status":"","sticky":false,"template":"","format":"standard","meta":{"footnotes":""},"categories":[2816],"tags":[1111,11,5728,1777,674,118,1011,27,3381,12,2680,25,2312],"class_list":{"0":"post-163981","1":"post","2":"type-post","3":"status-publish","4":"format-standard","5":"has-post-thumbnail","7":"category-toulouse","8":"tag-actu","9":"tag-actualites","10":"tag-autoroute-castres-toulouse-a69","11":"tag-eu","12":"tag-europe","13":"tag-faits-divers","14":"tag-fr","15":"tag-france","16":"tag-gendarmerie","17":"tag-news","18":"tag-occitanie","19":"tag-republique-francaise","20":"tag-toulouse"},"share_on_mastodon":{"url":"https:\/\/pubeurope.com\/@fr\/114655175852074853","error":""},"_links":{"self":[{"href":"https:\/\/www.europesays.com\/fr\/wp-json\/wp\/v2\/posts\/163981","targetHints":{"allow":["GET"]}}],"collection":[{"href":"https:\/\/www.europesays.com\/fr\/wp-json\/wp\/v2\/posts"}],"about":[{"href":"https:\/\/www.europesays.com\/fr\/wp-json\/wp\/v2\/types\/post"}],"author":[{"embeddable":true,"href":"https:\/\/www.europesays.com\/fr\/wp-json\/wp\/v2\/users\/2"}],"replies":[{"embeddable":true,"href":"https:\/\/www.europesays.com\/fr\/wp-json\/wp\/v2\/comments?post=163981"}],"version-history":[{"count":0,"href":"https:\/\/www.europesays.com\/fr\/wp-json\/wp\/v2\/posts\/163981\/revisions"}],"wp:featuredmedia":[{"embeddable":true,"href":"https:\/\/www.europesays.com\/fr\/wp-json\/wp\/v2\/media\/163982"}],"wp:attachment":[{"href":"https:\/\/www.europesays.com\/fr\/wp-json\/wp\/v2\/media?parent=163981"}],"wp:term":[{"taxonomy":"category","embeddable":true,"href":"https:\/\/www.europesays.com\/fr\/wp-json\/wp\/v2\/categories?post=163981"},{"taxonomy":"post_tag","embeddable":true,"href":"https:\/\/www.europesays.com\/fr\/wp-json\/wp\/v2\/tags?post=163981"}],"curies":[{"name":"wp","href":"https:\/\/api.w.org\/{rel}","templated":true}]}}