{"id":163983,"date":"2025-06-09T19:59:14","date_gmt":"2025-06-09T19:59:14","guid":{"rendered":"https:\/\/www.europesays.com\/fr\/163983\/"},"modified":"2025-06-09T19:59:14","modified_gmt":"2025-06-09T19:59:14","slug":"emploi-lentreprise-expleo-annonce-le-recrutement-de-70-personnes-dans-le-nord-voici-comment-postuler","status":"publish","type":"post","link":"https:\/\/www.europesays.com\/fr\/163983\/","title":{"rendered":"Emploi. L&rsquo;entreprise Expleo annonce le recrutement de 70 personnes dans le Nord : voici comment postuler"},"content":{"rendered":"<p>            Par<br \/>\n        <strong><br \/>\n            <a href=\"https:\/\/actu.fr\/auteur\/nicolas-demollien\" title=\"Consulter tous les articles de Nicolas Demollien\" rel=\"nofollow noopener\" target=\"_blank\">Nicolas Demollien<\/a><br \/>\n        <\/strong><\/p>\n<p>        Publi\u00e9 le<\/p>\n<p>            9 juin 2025 \u00e0 15h36        <\/p>\n<p>Vous \u00eates \u00e0 la recherche d\u2019un <a href=\"https:\/\/actu.fr\/tag\/emploi\" rel=\"nofollow noopener\" target=\"_blank\">emploi<\/a> ? L\u2019entreprise <b>Expleo<\/b> annonce le <b>recrutement \u00e0 venir de 70 personnes<\/b> dans le <a href=\"https:\/\/actu.fr\/hauts-de-france\/nord_59\" rel=\"nofollow noopener\" target=\"_blank\">Nord<\/a>. La soci\u00e9t\u00e9 est sp\u00e9cialis\u00e9e dans l<b>\u2018ing\u00e9nierie, la technologie et le conseil<\/b>. Elle compte 18 000 salari\u00e9s dans le monde<\/p>\n<p>70 personnes recherch\u00e9es par l\u2019entreprise Expleo dans le Nord<\/p>\n<p class=\" wall-content\">Dans le Nord, le recrutement des 70 personnes vise \u00ab\u00a0\u00e0 <b>soutenir des projets industriels strat\u00e9giques<\/b> dans les domaines des sciences de la vie, des transports, de l\u2019\u00e9nergie, de l\u2019industrie\u00a0\u00bb, annonce l\u2019entreprise.<\/p>\n<p class=\" wall-content\">Plus concr\u00e8tement, les \u00e9quipes du groupe participent \u00e0 des projets notamment li\u00e9s \u00e0 l\u2019optimisation des proc\u00e9d\u00e9s industriels, le d\u00e9veloppement de solutions pour la production et la s\u00fbret\u00e9 \u00e9nerg\u00e9tique, l\u2019ing\u00e9nierie et l\u2019industrialisation de syst\u00e8mes de transport, ainsi que l\u2019am\u00e9lioration continue des cha\u00eenes logistiques et industrielles.<\/p>\n<p class=\" wall-content\">\u00ab\u00a0Nous sommes par ailleurs pleinement engag\u00e9s aupr\u00e8s des entreprises pour les accompagner \u00e0 d\u00e9ployer des solutions d\u2019<a href=\"https:\/\/actu.fr\/tag\/intelligence-artificielle\" rel=\"nofollow noopener\" target=\"_blank\">IA<\/a> afin d\u2019am\u00e9liorer leur efficacit\u00e9 op\u00e9rationnelle l\u2019optimisation de leur supply chain, leur maintenance pr\u00e9dictive et l\u2019automatisation des contr\u00f4les de leur production\u00a0\u00bb.\u00a0\u00a0<\/p>\n<p>Vid\u00e9os : en ce moment sur ActuQuels sont les postes \u00e0 pourvoir ?<\/p>\n<p class=\" wall-content\">Les postes \u00e0 pourvoir dans le Nord couvrent une large gamme de m\u00e9tiers dans les secteurs de l\u2019IA, de la data, du digital, du software\/logiciel, de l\u2019\u00e9lectronique.<\/p>\n<p class=\" wall-content\">\u00ab\u00a0Nous recherchons aussi des charg\u00e9s d\u2019affaires automatisme, ing\u00e9nieur qualit\u00e9 fournisseur, inspecteur qualit\u00e9, chefs de projet\u00a0\u00bb, ajoute l\u2019entreprise.<\/p>\n<p class=\" wall-content\">Pour d\u00e9couvrir l\u2019int\u00e9gralit\u00e9 des offres de m\u00e9tiers propos\u00e9es, vous pouvez vous rendre sur le site <a href=\"https:\/\/expleo-jobs-fr-fr.icims.com\/jobs\/search?hashed=-435712793\" rel=\"nofollow noopener\" target=\"_blank\">expleo-jobs-fr-fr.icims.com<\/a>.<\/p>\n<p class=\" wall-content\">\u00ab\u00a0Chez Expleo dans la r\u00e9gion Nord, nos talents contribuent activement \u00e0 des projets d\u2019envergure. Nous mettons notre savoir-faire au service d\u2019industries en pleine transformation, tout en cultivant un environnement de travail inclusif et stimulant\u00a0\u00bb, pr\u00e9cise Thomas Deguilhem, Senior Sales Manager.<\/p>\n<p class=\" wall-content\">Pour postuler, rendez-vous sur le site <a href=\"https:\/\/careers.expleo.com\/fr\/\" rel=\"nofollow noopener\" target=\"_blank\">careers.expleo.com<\/a><\/p>\n<p class=\" wall-content\">Suivez toute l\u2019actualit\u00e9 de vos villes et m\u00e9dias favoris en vous inscrivant \u00e0 <a href=\"https:\/\/moncompte.actu.fr\" title=\"D\u00e9couvez Mon Actu\" rel=\"nofollow noopener\" data-trk=\"{&quot;cta&quot;:{&quot;action&quot;:&quot;https:\\\/\\\/moncompte.actu.fr&quot;,&quot;category&quot;:&quot;mon compte&quot;,&quot;from&quot;:&quot;article footer&quot;,&quot;name&quot;:&quot;Mon actu&quot;,&quot;type&quot;:&quot;cta&quot;}}\" target=\"_blank\">Mon Actu<\/a>.<\/p>\n<ul class=\"ac-article-tag wall-content\">\n<li><a href=\"https:\/\/actu.fr\/tag\/emploi\" data-trk=\"{&quot;cta&quot;:{&quot;action&quot;:&quot;Emploi&quot;,&quot;category&quot;:&quot;tag&quot;,&quot;from&quot;:&quot;article footer&quot;,&quot;name&quot;:&quot;Emploi&quot;,&quot;type&quot;:&quot;cta&quot;}}\" rel=\"nofollow noopener\" target=\"_blank\">#Emploi<\/a><\/li>\n<li><a href=\"https:\/\/actu.fr\/tag\/intelligence-artificielle\" data-trk=\"{&quot;cta&quot;:{&quot;action&quot;:&quot;Intelligence artificielle&quot;,&quot;category&quot;:&quot;tag&quot;,&quot;from&quot;:&quot;article footer&quot;,&quot;name&quot;:&quot;Intelligence artificielle&quot;,&quot;type&quot;:&quot;cta&quot;}}\" rel=\"nofollow noopener\" target=\"_blank\">#Intelligence artificielle<\/a><\/li>\n<\/ul>\n","protected":false},"excerpt":{"rendered":"Par Nicolas Demollien Publi\u00e9 le 9 juin 2025 \u00e0 15h36 Vous \u00eates \u00e0 la recherche d\u2019un emploi ?&hellip;\n","protected":false},"author":2,"featured_media":163984,"comment_status":"","ping_status":"","sticky":false,"template":"","format":"standard","meta":{"footnotes":""},"categories":[2815],"tags":[1111,11,341,1777,674,1011,27,811,223,1307,12,25,104],"class_list":{"0":"post-163983","1":"post","2":"type-post","3":"status-publish","4":"format-standard","5":"has-post-thumbnail","7":"category-lille","8":"tag-actu","9":"tag-actualites","10":"tag-emploi","11":"tag-eu","12":"tag-europe","13":"tag-fr","14":"tag-france","15":"tag-hauts-de-france","16":"tag-intelligence-artificielle","17":"tag-lille","18":"tag-news","19":"tag-republique-francaise","20":"tag-societe"},"share_on_mastodon":{"url":"https:\/\/pubeurope.com\/@fr\/114655183732040211","error":""},"_links":{"self":[{"href":"https:\/\/www.europesays.com\/fr\/wp-json\/wp\/v2\/posts\/163983","targetHints":{"allow":["GET"]}}],"collection":[{"href":"https:\/\/www.europesays.com\/fr\/wp-json\/wp\/v2\/posts"}],"about":[{"href":"https:\/\/www.europesays.com\/fr\/wp-json\/wp\/v2\/types\/post"}],"author":[{"embeddable":true,"href":"https:\/\/www.europesays.com\/fr\/wp-json\/wp\/v2\/users\/2"}],"replies":[{"embeddable":true,"href":"https:\/\/www.europesays.com\/fr\/wp-json\/wp\/v2\/comments?post=163983"}],"version-history":[{"count":0,"href":"https:\/\/www.europesays.com\/fr\/wp-json\/wp\/v2\/posts\/163983\/revisions"}],"wp:featuredmedia":[{"embeddable":true,"href":"https:\/\/www.europesays.com\/fr\/wp-json\/wp\/v2\/media\/163984"}],"wp:attachment":[{"href":"https:\/\/www.europesays.com\/fr\/wp-json\/wp\/v2\/media?parent=163983"}],"wp:term":[{"taxonomy":"category","embeddable":true,"href":"https:\/\/www.europesays.com\/fr\/wp-json\/wp\/v2\/categories?post=163983"},{"taxonomy":"post_tag","embeddable":true,"href":"https:\/\/www.europesays.com\/fr\/wp-json\/wp\/v2\/tags?post=163983"}],"curies":[{"name":"wp","href":"https:\/\/api.w.org\/{rel}","templated":true}]}}