{"id":163985,"date":"2025-06-09T20:00:08","date_gmt":"2025-06-09T20:00:08","guid":{"rendered":"https:\/\/www.europesays.com\/fr\/163985\/"},"modified":"2025-06-09T20:00:08","modified_gmt":"2025-06-09T20:00:08","slug":"au-festival-marsatac-a-marseille-une-scene-anniversaire-pour-les-talents-provencaux-du-rap-ce-samedi-14-juin","status":"publish","type":"post","link":"https:\/\/www.europesays.com\/fr\/163985\/","title":{"rendered":"Au festival Marsatac \u00e0 Marseille, une sc\u00e8ne anniversaire pour les talents proven\u00e7aux du rap ce samedi 14 juin"},"content":{"rendered":"<p>Lanc\u00e9 par <a href=\"https:\/\/www.laprovence.com\/article\/region\/52962533992242\/zamdane-et-werenoi-en-feu-a-marsatac\" target=\"_blank\" rel=\"noopener\">Marsatac<\/a> en\u00a02019, le <a href=\"https:\/\/www.laprovence.com\/article\/region\/45923009139720\/la-frappe-du-rap-marseillais-vient-ambiancer-les-fadas-porte-par-marsatac-ce-jeudi-18-juillet-a-martigues\" target=\"_blank\" rel=\"noopener\">dispositif La Frappe<\/a> a pour ambition de valoriser la sc\u00e8ne rap locale et de faire \u00e9merger de jeunes talents. Chaque ann\u00e9e, des rappeurs et DJ sont rep\u00e9r\u00e9s et accompagn\u00e9s par la Marsatac Agency, en collaboration avec des structures locales. Sous la direction artistique de Faf Larage, ils se produisent durant le festival sur une sc\u00e8ne qui leur est d\u00e9di\u00e9e, non loin de celle qui accueillera <a href=\"https:\/\/www.laprovence.com\/article\/culture-loisirs\/4204215250203715\/hamza-marseille-cest-une-scene-musicale-incroyable\" target=\"_blank\" rel=\"noopener\">Hamza<\/a> ou encore <a href=\"https:\/\/www.laprovence.com\/article\/culture-loisirs\/2454809453013315\/marseille-la-fonky-family-retrouve-le-festival-marsatac-8-ans-apres\" target=\"_blank\" rel=\"noopener\">la Fonky Family<\/a>, les vendredi\u00a013 et samedi 14\u00a0juin au parc Bor\u00e9ly (8e).<\/p>\n<p>Pour les cinq ans du tremplin, la sc\u00e8ne accueillera cinq artistes pass\u00e9s par cette voie pour un show d\u2019une heure samedi, \u00e0 21\u00a0h\u00a045. Ainsi STLR, Ekloz, Anan, Crams, Khara seront pr\u00e9sents. Auxquels s\u2019ajoute RCZ, issu du <a href=\"https:\/\/www.laprovence.com\/article\/culture-loisirs\/1081783983400515\/marseille-dernieres-repetitions-avant-le-tremplin-planete-mars-en-vue-du-festival-marsatac\" target=\"_blank\" rel=\"noopener\">tremplin Plan\u00e8te Mars<\/a>.<\/p>\n","protected":false},"excerpt":{"rendered":"Lanc\u00e9 par Marsatac en\u00a02019, le dispositif La Frappe a pour ambition de valoriser la sc\u00e8ne rap locale et&hellip;\n","protected":false},"author":2,"featured_media":163986,"comment_status":"","ping_status":"","sticky":false,"template":"","format":"standard","meta":{"footnotes":""},"categories":[2814],"tags":[17,1111,11,3581,251,1777,674,849,1011,27,19357,884,12,471,882,25,7347,96],"class_list":{"0":"post-163985","1":"post","2":"type-post","3":"status-publish","4":"format-standard","5":"has-post-thumbnail","7":"category-marseille","8":"tag-17","9":"tag-actu","10":"tag-actualites","11":"tag-anniversaire","12":"tag-culture","13":"tag-eu","14":"tag-europe","15":"tag-festival","16":"tag-fr","17":"tag-france","18":"tag-marsatac","19":"tag-marseille","20":"tag-news","21":"tag-pour","22":"tag-provence-alpes-cote-dazur","23":"tag-republique-francaise","24":"tag-scene","25":"tag-une"},"share_on_mastodon":{"url":"https:\/\/pubeurope.com\/@fr\/114655187665392122","error":""},"_links":{"self":[{"href":"https:\/\/www.europesays.com\/fr\/wp-json\/wp\/v2\/posts\/163985","targetHints":{"allow":["GET"]}}],"collection":[{"href":"https:\/\/www.europesays.com\/fr\/wp-json\/wp\/v2\/posts"}],"about":[{"href":"https:\/\/www.europesays.com\/fr\/wp-json\/wp\/v2\/types\/post"}],"author":[{"embeddable":true,"href":"https:\/\/www.europesays.com\/fr\/wp-json\/wp\/v2\/users\/2"}],"replies":[{"embeddable":true,"href":"https:\/\/www.europesays.com\/fr\/wp-json\/wp\/v2\/comments?post=163985"}],"version-history":[{"count":0,"href":"https:\/\/www.europesays.com\/fr\/wp-json\/wp\/v2\/posts\/163985\/revisions"}],"wp:featuredmedia":[{"embeddable":true,"href":"https:\/\/www.europesays.com\/fr\/wp-json\/wp\/v2\/media\/163986"}],"wp:attachment":[{"href":"https:\/\/www.europesays.com\/fr\/wp-json\/wp\/v2\/media?parent=163985"}],"wp:term":[{"taxonomy":"category","embeddable":true,"href":"https:\/\/www.europesays.com\/fr\/wp-json\/wp\/v2\/categories?post=163985"},{"taxonomy":"post_tag","embeddable":true,"href":"https:\/\/www.europesays.com\/fr\/wp-json\/wp\/v2\/tags?post=163985"}],"curies":[{"name":"wp","href":"https:\/\/api.w.org\/{rel}","templated":true}]}}