{"id":163987,"date":"2025-06-09T20:01:09","date_gmt":"2025-06-09T20:01:09","guid":{"rendered":"https:\/\/www.europesays.com\/fr\/163987\/"},"modified":"2025-06-09T20:01:09","modified_gmt":"2025-06-09T20:01:09","slug":"marseille-capitale-de-la-mer-la-perle-rare-des-eleves-de-seconde-en-recherche-de-stage","status":"publish","type":"post","link":"https:\/\/www.europesays.com\/fr\/163987\/","title":{"rendered":"Marseille capitale de la mer, la perle rare des \u00e9l\u00e8ves de seconde en recherche de stage"},"content":{"rendered":"<p>Du 16 au 27\u00a0juin, soixante lyc\u00e9ens marseillais b\u00e9n\u00e9ficieront d\u2019une exp\u00e9rience hors du commun dans le cadre de leur stage de seconde obligatoire instaur\u00e9 en novembre\u00a02023 par l\u2019\u00c9ducation nationale. La cofondatrice de <a href=\"https:\/\/www.laprovence.com\/article\/societe\/40693341109203\/a-marseille-les-gamins-des-quartiers-ont-pris-le-large\" target=\"_blank\" rel=\"noopener\">l\u2019association Marseille capitale de la mer<\/a>, Marie-Dominique Champloy, partage sa volont\u00e9 de r\u00e9unir, au travers d\u2019un partenariat, des \u00e9l\u00e8ves de secondes avec des professionnels <a href=\"https:\/\/www.laprovence.com\/article\/edition-martigues-istres\/6660183\/au-bout-la-mer-cest-beau-marseille-vue-dici.html\" target=\"_blank\" rel=\"noopener\">des m\u00e9tiers de la mer et de l\u2019\u00e9conomie bleue<\/a> avec un but en t\u00eate\u00a0: \u00ab\u00a0Cr\u00e9er du lien.\u00a0\u00bb<\/p>\n","protected":false},"excerpt":{"rendered":"Du 16 au 27\u00a0juin, soixante lyc\u00e9ens marseillais b\u00e9n\u00e9ficieront d\u2019une exp\u00e9rience hors du commun dans le cadre de leur&hellip;\n","protected":false},"author":2,"featured_media":163988,"comment_status":"","ping_status":"","sticky":false,"template":"","format":"standard","meta":{"footnotes":""},"categories":[2814],"tags":[17,1111,11,5808,154,1777,674,1011,27,9445,884,6127,12,29672,882,14649,25,104],"class_list":{"0":"post-163987","1":"post","2":"type-post","3":"status-publish","4":"format-standard","5":"has-post-thumbnail","7":"category-marseille","8":"tag-17","9":"tag-actu","10":"tag-actualites","11":"tag-capitale","12":"tag-des","13":"tag-eu","14":"tag-europe","15":"tag-fr","16":"tag-france","17":"tag-lassociation","18":"tag-marseille","19":"tag-mer","20":"tag-news","21":"tag-perle","22":"tag-provence-alpes-cote-dazur","23":"tag-rare","24":"tag-republique-francaise","25":"tag-societe"},"share_on_mastodon":{"url":"https:\/\/pubeurope.com\/@fr\/114655191587162367","error":""},"_links":{"self":[{"href":"https:\/\/www.europesays.com\/fr\/wp-json\/wp\/v2\/posts\/163987","targetHints":{"allow":["GET"]}}],"collection":[{"href":"https:\/\/www.europesays.com\/fr\/wp-json\/wp\/v2\/posts"}],"about":[{"href":"https:\/\/www.europesays.com\/fr\/wp-json\/wp\/v2\/types\/post"}],"author":[{"embeddable":true,"href":"https:\/\/www.europesays.com\/fr\/wp-json\/wp\/v2\/users\/2"}],"replies":[{"embeddable":true,"href":"https:\/\/www.europesays.com\/fr\/wp-json\/wp\/v2\/comments?post=163987"}],"version-history":[{"count":0,"href":"https:\/\/www.europesays.com\/fr\/wp-json\/wp\/v2\/posts\/163987\/revisions"}],"wp:featuredmedia":[{"embeddable":true,"href":"https:\/\/www.europesays.com\/fr\/wp-json\/wp\/v2\/media\/163988"}],"wp:attachment":[{"href":"https:\/\/www.europesays.com\/fr\/wp-json\/wp\/v2\/media?parent=163987"}],"wp:term":[{"taxonomy":"category","embeddable":true,"href":"https:\/\/www.europesays.com\/fr\/wp-json\/wp\/v2\/categories?post=163987"},{"taxonomy":"post_tag","embeddable":true,"href":"https:\/\/www.europesays.com\/fr\/wp-json\/wp\/v2\/tags?post=163987"}],"curies":[{"name":"wp","href":"https:\/\/api.w.org\/{rel}","templated":true}]}}