{"id":163989,"date":"2025-06-09T20:02:10","date_gmt":"2025-06-09T20:02:10","guid":{"rendered":"https:\/\/www.europesays.com\/fr\/163989\/"},"modified":"2025-06-09T20:02:10","modified_gmt":"2025-06-09T20:02:10","slug":"une-ecole-hors-contrat-ouvre-a-la-rentree","status":"publish","type":"post","link":"https:\/\/www.europesays.com\/fr\/163989\/","title":{"rendered":"une \u00e9cole hors contrat ouvre \u00e0 la rentr\u00e9e"},"content":{"rendered":"<p>Les fondateurs et futurs enseignants de l\u2019\u00c9cole des savoirs partag\u00e9s sont tous issus du monde de l\u2019\u00e9ducation. Ils sont partis du constat que les contraintes horaires, le cloisonnement disciplinaire, les effectifs charg\u00e9s et la verticalit\u00e9 de l\u2019enseignement ne sont pas faits pour tous les \u00e9l\u00e8ves. C\u2019est m\u00eame, pour certains, une source de souffrance, voire d\u2019\u00e9chec scolaire.<\/p>\n<p>Apprendre autrement\u00a0: autonomie et coop\u00e9ration<\/p>\n<p>Pour \u00ab\u00a0privil\u00e9gier l\u2019\u00e9mancipation des enfants\u00a0\u00bb, l\u2019\u00c9cole des savoirs partag\u00e9s veut cr\u00e9er un cadre&#8230;<\/p>\n","protected":false},"excerpt":{"rendered":"Les fondateurs et futurs enseignants de l\u2019\u00c9cole des savoirs partag\u00e9s sont tous issus du monde de l\u2019\u00e9ducation. Ils&hellip;\n","protected":false},"author":2,"featured_media":163990,"comment_status":"","ping_status":"","sticky":false,"template":"","format":"standard","meta":{"footnotes":""},"categories":[1889],"tags":[1111,11,2430,2757,1057,1777,674,1011,27,2428,2756,10425,12,25],"class_list":{"0":"post-163989","1":"post","2":"type-post","3":"status-publish","4":"format-standard","5":"has-post-thumbnail","7":"category-lyon","8":"tag-actu","9":"tag-actualites","10":"tag-auvergne-rhone-alpes","11":"tag-edition-lyon-villeurbanne","12":"tag-education","13":"tag-eu","14":"tag-europe","15":"tag-fr","16":"tag-france","17":"tag-lyon","18":"tag-lyon-bassin","19":"tag-maternelle-elementaire","20":"tag-news","21":"tag-republique-francaise"},"share_on_mastodon":{"url":"https:\/\/pubeurope.com\/@fr\/114655195545755655","error":""},"_links":{"self":[{"href":"https:\/\/www.europesays.com\/fr\/wp-json\/wp\/v2\/posts\/163989","targetHints":{"allow":["GET"]}}],"collection":[{"href":"https:\/\/www.europesays.com\/fr\/wp-json\/wp\/v2\/posts"}],"about":[{"href":"https:\/\/www.europesays.com\/fr\/wp-json\/wp\/v2\/types\/post"}],"author":[{"embeddable":true,"href":"https:\/\/www.europesays.com\/fr\/wp-json\/wp\/v2\/users\/2"}],"replies":[{"embeddable":true,"href":"https:\/\/www.europesays.com\/fr\/wp-json\/wp\/v2\/comments?post=163989"}],"version-history":[{"count":0,"href":"https:\/\/www.europesays.com\/fr\/wp-json\/wp\/v2\/posts\/163989\/revisions"}],"wp:featuredmedia":[{"embeddable":true,"href":"https:\/\/www.europesays.com\/fr\/wp-json\/wp\/v2\/media\/163990"}],"wp:attachment":[{"href":"https:\/\/www.europesays.com\/fr\/wp-json\/wp\/v2\/media?parent=163989"}],"wp:term":[{"taxonomy":"category","embeddable":true,"href":"https:\/\/www.europesays.com\/fr\/wp-json\/wp\/v2\/categories?post=163989"},{"taxonomy":"post_tag","embeddable":true,"href":"https:\/\/www.europesays.com\/fr\/wp-json\/wp\/v2\/tags?post=163989"}],"curies":[{"name":"wp","href":"https:\/\/api.w.org\/{rel}","templated":true}]}}