{"id":163991,"date":"2025-06-09T20:03:17","date_gmt":"2025-06-09T20:03:17","guid":{"rendered":"https:\/\/www.europesays.com\/fr\/163991\/"},"modified":"2025-06-09T20:03:17","modified_gmt":"2025-06-09T20:03:17","slug":"lyon-6e-une-entreprise-artisanale-implantee-a-kaboul-et-portee-par-des-femmes-est-soutenue-depuis-lyon","status":"publish","type":"post","link":"https:\/\/www.europesays.com\/fr\/163991\/","title":{"rendered":"Lyon 6e. Une entreprise artisanale, implant\u00e9e \u00e0 Kaboul et port\u00e9e par des femmes, est soutenue depuis Lyon"},"content":{"rendered":"<p>\u00c0 Kaboul, en mars\u00a02024, l\u2019association \u201cAfghanistan Aujourd\u2019hui et Demain\u201d (AAD) lance la cr\u00e9ation de l\u2019entreprise locale \u201cOmid-e-shafaq\u201d, destin\u00e9e \u00e0 rendre visibles et durables ses projets de terrain en Afghanistan, malgr\u00e9 un contexte politique extr\u00eamement difficile. Dirig\u00e9e depuis Lyon, AAD poursuit un objectif clair\u00a0: soutenir des projets d\u2019\u00e9mancipation f\u00e9minine \u00e0 travers des micro-initiatives \u00e9conomiques et sociales.<\/p>\n<p>Des confections destin\u00e9es \u00e0 la vente en France<\/p>\n<p>L\u2019une de ces initiatives phares est port\u00e9e par Oswa, 26&#8230;<\/p>\n","protected":false},"excerpt":{"rendered":"\u00c0 Kaboul, en mars\u00a02024, l\u2019association \u201cAfghanistan Aujourd\u2019hui et Demain\u201d (AAD) lance la cr\u00e9ation de l\u2019entreprise locale \u201cOmid-e-shafaq\u201d, destin\u00e9e&hellip;\n","protected":false},"author":2,"featured_media":163992,"comment_status":"","ping_status":"","sticky":false,"template":"","format":"standard","meta":{"footnotes":""},"categories":[1889],"tags":[1111,11,1477,2430,33,2757,1777,674,1011,27,2428,14926,2802,12,25],"class_list":{"0":"post-163991","1":"post","2":"type-post","3":"status-publish","4":"format-standard","5":"has-post-thumbnail","7":"category-lyon","8":"tag-actu","9":"tag-actualites","10":"tag-artisanat","11":"tag-auvergne-rhone-alpes","12":"tag-economie","13":"tag-edition-lyon-villeurbanne","14":"tag-eu","15":"tag-europe","16":"tag-fr","17":"tag-france","18":"tag-lyon","19":"tag-lyon-6e","20":"tag-lyon-6e-arrondissement","21":"tag-news","22":"tag-republique-francaise"},"share_on_mastodon":{"url":"https:\/\/pubeurope.com\/@fr\/114655199433515416","error":""},"_links":{"self":[{"href":"https:\/\/www.europesays.com\/fr\/wp-json\/wp\/v2\/posts\/163991","targetHints":{"allow":["GET"]}}],"collection":[{"href":"https:\/\/www.europesays.com\/fr\/wp-json\/wp\/v2\/posts"}],"about":[{"href":"https:\/\/www.europesays.com\/fr\/wp-json\/wp\/v2\/types\/post"}],"author":[{"embeddable":true,"href":"https:\/\/www.europesays.com\/fr\/wp-json\/wp\/v2\/users\/2"}],"replies":[{"embeddable":true,"href":"https:\/\/www.europesays.com\/fr\/wp-json\/wp\/v2\/comments?post=163991"}],"version-history":[{"count":0,"href":"https:\/\/www.europesays.com\/fr\/wp-json\/wp\/v2\/posts\/163991\/revisions"}],"wp:featuredmedia":[{"embeddable":true,"href":"https:\/\/www.europesays.com\/fr\/wp-json\/wp\/v2\/media\/163992"}],"wp:attachment":[{"href":"https:\/\/www.europesays.com\/fr\/wp-json\/wp\/v2\/media?parent=163991"}],"wp:term":[{"taxonomy":"category","embeddable":true,"href":"https:\/\/www.europesays.com\/fr\/wp-json\/wp\/v2\/categories?post=163991"},{"taxonomy":"post_tag","embeddable":true,"href":"https:\/\/www.europesays.com\/fr\/wp-json\/wp\/v2\/tags?post=163991"}],"curies":[{"name":"wp","href":"https:\/\/api.w.org\/{rel}","templated":true}]}}