{"id":164002,"date":"2025-06-09T20:10:09","date_gmt":"2025-06-09T20:10:09","guid":{"rendered":"https:\/\/www.europesays.com\/fr\/164002\/"},"modified":"2025-06-09T20:10:09","modified_gmt":"2025-06-09T20:10:09","slug":"nouvel-echange-de-prisonniers-et-attaque-massive-de-drones-explosifs-russes","status":"publish","type":"post","link":"https:\/\/www.europesays.com\/fr\/164002\/","title":{"rendered":"Nouvel \u00e9change de prisonniers et attaque massive de drones explosifs russes"},"content":{"rendered":"<p>Vous avez rat\u00e9 les derniers \u00e9v\u00e9nements sur la <a href=\"https:\/\/www.20minutes.fr\/monde\/ukraine\/\" class=\"color-ultramarine c-link\" rel=\"nofollow noopener\" target=\"_blank\">guerre en Ukraine<\/a>\u00a0? 20 Minutes fait le point pour vous tous les soirs. Voici l\u2019essentiel de ce lundi 9\u00a0juin 2025, 1.202e jour du conflit.<\/p>\n<p>Le fait du jour<\/p>\n<p>L\u2019Ukraine et la <a href=\"https:\/\/www.20minutes.fr\/monde\/russie\/\" class=\"color-ultramarine c-link\" rel=\"nofollow noopener\" target=\"_blank\">Russie<\/a> ont annonc\u00e9 ce lundi le d\u00e9but d\u2019un <a href=\"https:\/\/www.20minutes.fr\/monde\/ukraine\/4157639-20250609-guerre-ukraine-debut-nouvel-echange-prisonniers-guerre-entre-kiev-moscou\" target=\"_blank\" class=\"color-ultramarine c-link\" rel=\"nofollow noopener\">nouvel \u00e9change de prisonniers de guerre<\/a> qui se poursuivra ces prochains jours. Ceux-ci n\u2019ont pas pr\u00e9cis &#8211; pour des raisons de s\u00e9curit\u00e9 &#8211; le nombre des soldats impliqu\u00e9s dans cet \u00e9change. \u00ab\u00a0L\u2019\u00e9change a commenc\u00e9 aujourd\u2019hui et se d\u00e9roulera en plusieurs \u00e9tapes dans les prochains jours\u00a0\u00bb, a indiqu\u00e9 le pr\u00e9sident <a href=\"https:\/\/www.20minutes.fr\/monde\/volodymyr-zelensky\/\" class=\"color-ultramarine c-link\" rel=\"nofollow noopener\" target=\"_blank\">Zelensky<\/a> sur les r\u00e9seaux sociaux.<\/p>\n<p>Cet accord a \u00e9t\u00e9 \u00e9tabli au cours d\u2019un deuxi\u00e8me cycle de n\u00e9gociations directes, \u00e0 Istanbul, le 2\u00a0juin. Russes et Ukrainiens avaient alors convenu de lib\u00e9rer tous les <a href=\"https:\/\/www.20minutes.fr\/monde\/ukraine\/4156570-20250602-guerre-ukraine-toile-araignee-echanges-prisonniers-exigences-demesurees\" target=\"_blank\" class=\"color-ultramarine c-link\" rel=\"nofollow noopener\">prisonniers de guerre gri\u00e8vement bless\u00e9s<\/a> ou malades et ceux \u00e2g\u00e9s de moins de 25 ans. Il s\u2019agit de l\u2019un des seuls points d\u2019accord trouv\u00e9s pendant ces pourparlers, en plus d\u2019un \u00e9change \u00e0 venir de plusieurs milliers de corps de soldats tu\u00e9s au combat.<\/p>\n<\/p>\n<p>La d\u00e9claration du jour<\/p>\n<blockquote class=\"mx-m@xs mx-xxl@md color-ultramarine c-citation\">\n<p class=\"font-weight-regular@xs text-italic font-source-serif-pro text-l@xs c-citation__content\">\u00ab\u00a0\u00ab\u00a0Nous voyons en Ukraine comment la Russie s\u00e8me la terreur par le ciel, nous allons donc renforcer le bouclier qui prot\u00e8ge notre espace a\u00e9rien.\u00a0\u00bb\u00a0\u00bb<\/p>\n<\/blockquote>\n<p>Le secr\u00e9taire g\u00e9n\u00e9ral de l\u2019Otan, Mark Rutte, a appel\u00e9 ce lundi, \u00e0 Londres, les pays de l\u2019Alliance \u00e0 quintupler leurs capacit\u00e9s de d\u00e9fense a\u00e9rienne afin de prot\u00e9ger l\u2019Europe de la Russie. Pour maintenir une dissuasion et une d\u00e9fense cr\u00e9dibles, \u00ab\u00a0l\u2019Otan a besoin d\u2019une augmentation de 400\u00a0% de sa d\u00e9fense a\u00e9rienne et antimissile\u00a0\u00bb, a-t-il d\u00e9clar\u00e9 lors d\u2019une conf\u00e9rence organis\u00e9e par le cercle de r\u00e9flexion Chatham House.<\/p>\n<p>Moscou n\u2019a pas tard\u00e9 \u00e0 r\u00e9agir. \u00ab\u00a0L\u2019Otan, apr\u00e8s avoir \u00f4t\u00e9 son masque, d\u00e9montre de toutes les fa\u00e7ons possibles sa nature m\u00eame d\u2019instrument d\u2019agression et de confrontation\u00a0\u00bb, a d\u00e9clar\u00e9 le porte-parole de la pr\u00e9sidence russe, Dmitri Peskov, lors de son briefing quotidien.<\/p>\n<p>Le chiffre du jour<\/p>\n<p>479. La Russie a lanc\u00e9 dans la nuit de dimanche \u00e0 lundi un <a href=\"https:\/\/www.20minutes.fr\/monde\/ukraine\/4157614-20250609-guerre-ukraine-russie-lance-nuit-nombre-record-479-drones\" class=\"color-ultramarine c-link\" rel=\"nofollow noopener\" target=\"_blank\">nombre record de 479 drones explosifs sur l\u2019Ukraine<\/a>, a annonc\u00e9 l\u2019arm\u00e9e de l\u2019air ukrainienne. Cette nouvelle s\u00e9rie d\u2019attaques intervient alors que Moscou refuse toujours les demandes de Kiev de cessez-le-feu. L\u2019arm\u00e9e de l\u2019air ukrainienne a pr\u00e9cis\u00e9 que 460 de ces drones avaient \u00e9t\u00e9 intercept\u00e9s, ainsi que 19 des 20 missiles tir\u00e9s par la Russie.<\/p>\n<p>La tendance<\/p>\n<p>Le Kremlin a d\u00e9clar\u00e9 ce lundi vouloir renforcer ses liens militaires avec l\u2019Afrique. Une annonce qui intervient quelques jours apr\u00e8s le d\u00e9part annonc\u00e9 du <a href=\"https:\/\/www.20minutes.fr\/monde\/russie\/4157602-20250609-mali-groupe-paramilitaire-wagner-quitte-pays-kremlin-reste-maitre-jeu\" target=\"_blank\" class=\"color-ultramarine c-link\" rel=\"nofollow noopener\">groupe paramilitaire russe Wagner du Mali<\/a>. \u00ab\u00a0La pr\u00e9sence russe en Afrique ne cesse d\u2019augmenter et nous avons l\u2019intention de renforcer notre coop\u00e9ration tous azimuts avec les pays africains\u00a0\u00bb, a d\u00e9clar\u00e9 le porte-parole du Kremlin, Dmitri Peskov, lors de son briefing quotidien.<\/p>\n<p>\u00ab\u00a0M\u00eame si l\u2019accent est plac\u00e9 sur les investissements\u00a0\u00bb, cette coop\u00e9ration comprend \u00e9galement \u00ab\u00a0des domaines sensibles li\u00e9s \u00e0 la d\u00e9fense et la s\u00e9curit\u00e9\u00a0\u00bb, a soulign\u00e9 le porte-parole, interrog\u00e9 pour savoir si la pr\u00e9sence russe allait rester la m\u00eame en Afrique apr\u00e8s le d\u00e9part du groupe Wagner du Mali. Il n\u2019a toutefois pas directement comment\u00e9 le d\u00e9part de l\u2019organisation paramilitaire russe du Mali, o\u00f9 celui-ci \u00e9tait pr\u00e9sent depuis\u00a02021.<\/p>\n","protected":false},"excerpt":{"rendered":"Vous avez rat\u00e9 les derniers \u00e9v\u00e9nements sur la guerre en Ukraine\u00a0? 20 Minutes fait le point pour vous&hellip;\n","protected":false},"author":2,"featured_media":164003,"comment_status":"","ping_status":"","sticky":false,"template":"","format":"standard","meta":{"footnotes":""},"categories":[1591],"tags":[47,11,564,1887,131,4998,74,12,1885,1886,132],"class_list":{"0":"post-164002","1":"post","2":"type-post","3":"status-publish","4":"format-standard","5":"has-post-thumbnail","7":"category-russie","8":"tag-actualite","9":"tag-actualites","10":"tag-drone","11":"tag-federation-de-russie","12":"tag-guerre-en-ukraine","13":"tag-kremlin","14":"tag-monde","15":"tag-news","16":"tag-russia","17":"tag-russian-federation","18":"tag-russie"},"share_on_mastodon":{"url":"https:\/\/pubeurope.com\/@fr\/114655227050400323","error":""},"_links":{"self":[{"href":"https:\/\/www.europesays.com\/fr\/wp-json\/wp\/v2\/posts\/164002","targetHints":{"allow":["GET"]}}],"collection":[{"href":"https:\/\/www.europesays.com\/fr\/wp-json\/wp\/v2\/posts"}],"about":[{"href":"https:\/\/www.europesays.com\/fr\/wp-json\/wp\/v2\/types\/post"}],"author":[{"embeddable":true,"href":"https:\/\/www.europesays.com\/fr\/wp-json\/wp\/v2\/users\/2"}],"replies":[{"embeddable":true,"href":"https:\/\/www.europesays.com\/fr\/wp-json\/wp\/v2\/comments?post=164002"}],"version-history":[{"count":0,"href":"https:\/\/www.europesays.com\/fr\/wp-json\/wp\/v2\/posts\/164002\/revisions"}],"wp:featuredmedia":[{"embeddable":true,"href":"https:\/\/www.europesays.com\/fr\/wp-json\/wp\/v2\/media\/164003"}],"wp:attachment":[{"href":"https:\/\/www.europesays.com\/fr\/wp-json\/wp\/v2\/media?parent=164002"}],"wp:term":[{"taxonomy":"category","embeddable":true,"href":"https:\/\/www.europesays.com\/fr\/wp-json\/wp\/v2\/categories?post=164002"},{"taxonomy":"post_tag","embeddable":true,"href":"https:\/\/www.europesays.com\/fr\/wp-json\/wp\/v2\/tags?post=164002"}],"curies":[{"name":"wp","href":"https:\/\/api.w.org\/{rel}","templated":true}]}}