{"id":164004,"date":"2025-06-09T20:11:21","date_gmt":"2025-06-09T20:11:21","guid":{"rendered":"https:\/\/www.europesays.com\/fr\/164004\/"},"modified":"2025-06-09T20:11:21","modified_gmt":"2025-06-09T20:11:21","slug":"en-direct-ukraine-sur-lci-lula-declare-avoir-invite-poutine-a-sasseoir-a-la-table-des-negociations","status":"publish","type":"post","link":"https:\/\/www.europesays.com\/fr\/164004\/","title":{"rendered":"EN DIRECT &#8211; Ukraine : sur LCI, Lula d\u00e9clare avoir invit\u00e9 Poutine \u00ab\u00a0\u00e0 s&rsquo;asseoir \u00e0 la table des n\u00e9gociations\u00a0\u00bb"},"content":{"rendered":"<ul class=\"jsx-862013697 ArticleChapo__List\">\n<li class=\"jsx-862013697 ArticleChapo__List_Item flex\">Sur LCI, Lula dit avoir rencontr\u00e9 le pr\u00e9sident Poutine et lui avoir dit qu&rsquo;il fallait \u00ab\u00a0s&rsquo;asseoir \u00e0 la table des n\u00e9gociations\u00a0\u00bb.<\/li>\n<li class=\"jsx-862013697 ArticleChapo__List_Item flex\">Suivez les derni\u00e8res informations.<\/li>\n<\/ul>\n<p><a href=\"https:\/\/www.tf1info.fr\/actualite\/guerre-en-ukraine-une-treve-en-negociation-13895\/\" rel=\"noopener\" class=\"jsx-484472199 Link jsx-1428418400 jsx-554215408\" target=\"_blank\"><\/p>\n<p style=\"font-weight:400\" class=\"jsx-1837267516\">Suivez la couverture compl\u00e8te<\/p>\n<p style=\"font-weight:800\" class=\"jsx-1837267516\">Guerre en Ukraine : une tr\u00eave sera-t-elle possible ? <\/p>\n<p><\/a>Les \u00e9l\u00e9ments marquants20:07LULA<\/p>\n<p>\u00ab\u00a0J&rsquo;ai rencontr\u00e9 le pr\u00e9sident Poutine, et je lui ai dit qu&rsquo;il faut s&rsquo;asseoir \u00e0 la table des n\u00e9gociations\u00a0\u00bb, a assur\u00e9 le pr\u00e9sident br\u00e9silien Luis Ignacio Lula da Silva, lors de son entretien avec Darius Rochebin sur LCI.<\/p>\n<p>Minute par minute20:11ONU<\/p>\n<p>Le pr\u00e9sident br\u00e9silien a appel\u00e9 \u00e0 la cr\u00e9ation d&rsquo;une force internationale plus inclusive, estimant que l&rsquo;ONU, dans sa forme actuelle, ne lui permettait pas de remplir sa mission pacificatrice. Il a par ailleurs d\u00e9plor\u00e9 que des \u00e9conomies puissantes comme celle du Br\u00e9sil ne soient pas repr\u00e9sent\u00e9es au G7 ou au Conseil de s\u00e9curit\u00e9 de l&rsquo;ONU.<\/p>\n<p>20:07LULA<\/p>\n<p>\u00ab\u00a0J&rsquo;ai rencontr\u00e9 le pr\u00e9sident Poutine, et je lui ai dit qu&rsquo;il faut s&rsquo;asseoir \u00e0 la table des n\u00e9gociations\u00a0\u00bb, a assur\u00e9 le pr\u00e9sident br\u00e9silien Luis Ignacio Lula da Silva, lors de son entretien avec Darius Rochebin sur LCI.<\/p>\n<p>18:48T\u00c9NOR<\/p>\n<p>T\u00e9nor de l&rsquo;Op\u00e9ra national d&rsquo;Odessa depuis plus de trente ans, Vladislav Goraj a \u00e9t\u00e9 tu\u00e9 hier dans un bombardement russe, lors d&rsquo;une mission volontaire \u00e0 Soumy, dans le nord-est de l&rsquo;Ukraine. La veille encore, il recevait une standing ovation apr\u00e8s sa prestation \u00e0 Odessa, rapporte cette chercheuse ukrainienne.<\/p>\n<blockquote data-testid=\"EmbedTwitter\" id=\"tweet-1932092435988946970-:R3j1kqqb6ij9n79m:\" class=\"jsx-aeff1a1c40f54d7a twitter-tweet flex justify-center items-center\"><p>Vladyslav Horai, a Ukrainian tenor and a soloist of the Odesa National Opera was killed by the russian shell on his volunteer trip to Sumy oblast on June 8. His last concert was on June 7, when he received a standing ovation from the Odesa audience.  pic.twitter.com\/B6jasqxewz \u2014 Olga Klymenko (@OlgaK2013)  June 9, 2025<\/p><\/blockquote>\n<p>18:41D\u00c9FENSE ANTIA\u00c9RIENNE<\/p>\n<p>\u00ab\u00a0Nous voyons en Ukraine comment la Russie s\u00e8me la terreur par le ciel, nous allons donc renforcer le bouclier qui prot\u00e8ge notre espace a\u00e9rien\u00a0\u00bb. Le secr\u00e9taire g\u00e9n\u00e9ral de l&rsquo;Otan Mark Rutte a appel\u00e9 \u00e0 Londres les pays de l&rsquo;Alliance \u00e0 quintupler leurs capacit\u00e9s de d\u00e9fense antia\u00e9rienne afin de prot\u00e9ger l&rsquo;Europe de la Russie, qui a r\u00e9pliqu\u00e9 en accusant l&rsquo;Otan d&rsquo;\u00eatre un \u00ab\u00a0instrument d&rsquo;agression\u00a0\u00bb.<\/p>\n<p>Apr\u00e8s Paris la semaine derni\u00e8re, le N\u00e9erlandais s&rsquo;est entretenu ce lundi \u00e0 Londres avec le Premier ministre britannique Keir Starmer, au moment o\u00f9 les membres de l&rsquo;Otan n\u00e9gocient, sous la pression des \u00c9tats-Unis, sur leur futur objectif de d\u00e9penses militaires.<\/p>\n<p>\u00ab\u00a0Nous avons besoin de faire un bond en avant dans notre d\u00e9fense collective (&#8230;) Le fait est que le danger ne dispara\u00eetra pas, m\u00eame avec la fin de la guerre en Ukraine\u00a0\u00bb, a d\u00e9clar\u00e9 Mark Rutte lors d&rsquo;une conf\u00e9rence organis\u00e9e par le cercle de r\u00e9flexion Chatham House. L&rsquo;Otan \u00ab\u00a0a besoin d&rsquo;une augmentation de 400% de sa d\u00e9fense antia\u00e9rienne et antimissile\u00a0\u00bb, a-t-il pr\u00e9cis\u00e9.<\/p>\n<p>17:18LETTONIE<\/p>\n<p>La Lettonie a engag\u00e9 une proc\u00e9dure p\u00e9nale contre le d\u00e9put\u00e9 Aleksejs Roslikovs pour avoir soutenu la Russie, un \u00ab\u00a0\u00c9tat agresseur\u00a0\u00bb, et foment\u00e9 la haine chez ses concitoyens. Cette d\u00e9cision fait suite \u00e0 un d\u00e9bat parlementaire le 5 juin dernier, au cours duquel ce membre de la minorit\u00e9 russophone, a \u00e9t\u00e9 expuls\u00e9 de l&rsquo;h\u00e9micycle.<\/p>\n<p>Selon les m\u00e9dias lettons, il avait cri\u00e9 en russe : \u00ab\u00a0Nous sommes la majorit\u00e9 !\u00a0\u00bb et \u00ab\u00a0le russe est notre langue !\u00a0\u00bb. Il est soup\u00e7onn\u00e9 d&rsquo;avoir \u00ab\u00a0aid\u00e9 l&rsquo;\u00c9tat agresseur qu&rsquo;est la Russie \u00e0 mener des actions dirig\u00e9es contre la Lettonie et \u00e0 susciter la haine et l&rsquo;inimiti\u00e9 nationales\u00a0\u00bb, a expliqu\u00e9 l&rsquo;agence de renseignement du service de s\u00e9curit\u00e9 de l&rsquo;\u00c9tat. S&rsquo;il est reconnu coupable, il risque jusqu&rsquo;\u00e0 cinq ans de prison.<\/p>\n<p>16:24MOSCOU<\/p>\n<p>Les m\u00e9dias russes et le Kremlin restent tr\u00e8s silencieux sur la traque du cerveau pr\u00e9sum\u00e9 de l&rsquo;op\u00e9ration \u00ab\u00a0Toile d&rsquo;araign\u00e9e\u00a0\u00bb, cette attaque coordonn\u00e9e de drones qui avait atteint des avions militaires russes sur leurs bases. L&rsquo;envoy\u00e9 sp\u00e9cial de TF1\/LCI \u00e0 Moscou rend compte de la couverture locale tr\u00e8s discr\u00e8te des \u00e9v\u00e8nements. \u2b07\ufe0f<\/p>\n<p>Toile d&rsquo;araign\u00e9e : comment r\u00e9agit Moscou ?Source : TF1 Info<\/p>\n<p><img decoding=\"async\" src=\"https:\/\/www.europesays.com\/fr\/wp-content\/uploads\/2025\/06\/toile-d-araignee-comment-reagit-moscou-2083c6-0@1x.jpeg\" alt=\"Toile d'araign\u00e9e : comment r\u00e9agit Moscou ?\" loading=\"lazy\" importance=\"low\" fetchpriority=\"low\" class=\"\"\/><img decoding=\"async\" src=\"https:\/\/www.europesays.com\/fr\/wp-content\/uploads\/2025\/04\/player-logo-play.svg.svg+xml\" alt=\"Logo lecture\" class=\"jsx-d0de44c05fe3042c PlayerLazyload__Play\"\/>16:20&Prime;AFRICA CORPS\u00a0\u00bb<\/p>\n<p>Le Kremlin a dit vouloir renforcer ses liens militaires avec l&rsquo;Afrique, quelques jours apr\u00e8s le d\u00e9part annonc\u00e9 du groupe paramilitaire russe Wagner du Mali. \u00ab\u00a0La pr\u00e9sence russe en Afrique ne cesse d&rsquo;augmenter et nous avons l&rsquo;intention de renforcer notre coop\u00e9ration tous azimuts avec les pays africains\u00a0\u00bb, a d\u00e9clar\u00e9 le porte-parole du Kremlin, Dmitri Peskov, lors de son briefing quotidien.<\/p>\n<p>\u00ab\u00a0M\u00eame si l&rsquo;accent est plac\u00e9 sur les investissements\u00a0\u00bb, cette coop\u00e9ration comprend \u00e9galement \u00ab\u00a0des domaines sensibles li\u00e9s \u00e0 la d\u00e9fense et la s\u00e9curit\u00e9\u00a0\u00bb, a soulign\u00e9 M. Peskov, interrog\u00e9 pour savoir si la pr\u00e9sence russe allait rester la m\u00eame en Afrique apr\u00e8s le d\u00e9part du groupe Wagner du Mali. Il n&rsquo;a toutefois pas directement comment\u00e9 le d\u00e9part de l&rsquo;organisation paramilitaire russe du Mali, o\u00f9 celui-ci \u00e9tait pr\u00e9sent depuis 2021.<\/p>\n<p>Les contingents de Wagner seront r\u00e9int\u00e9gr\u00e9s au sein de son successeur, l&rsquo;Africa Corps, une autre organisation sous le contr\u00f4le du minist\u00e8re de la D\u00e9fense russe, ont indiqu\u00e9 dimanche \u00e0 l&rsquo;AFP des sources diplomatiques et s\u00e9curitaires.<\/p>\n<p>15:48&Prime;TOILE D&rsquo;ARAIGN\u00c9E\u00a0\u00bb<\/p>\n<p>Qui sont ce DJ et sa compagne, qui auraient mis en \u0153uvre l&rsquo;invraisemblable op\u00e9ration \u00ab\u00a0Toile d&rsquo;araign\u00e9e\u00a0\u00bb, qui a co\u00fbt\u00e9 plusieurs avions \u00e0 l&rsquo;arm\u00e9e russe ? \u00c9l\u00e9ments de r\u00e9ponse sur LCI. \u2b07\ufe0f<\/p>\n<p>Le cerveau derri\u00e8re l&rsquo;op\u00e9ration \u00ab\u00a0Toile d&rsquo;araign\u00e9e\u00a0\u00bbSource : TF1 Info<\/p>\n<p><img decoding=\"async\" src=\"https:\/\/www.europesays.com\/fr\/wp-content\/uploads\/2025\/06\/le-cerveau-derriere-l-operation-toile-d-araignee-976196-0@1x.jpeg\" alt=\"Le cerveau derri\u00e8re l'op\u00e9ration &quot;Toile d'araign\u00e9e&quot;\" loading=\"lazy\" importance=\"low\" fetchpriority=\"low\" class=\"\"\/><img decoding=\"async\" src=\"https:\/\/www.europesays.com\/fr\/wp-content\/uploads\/2025\/04\/player-logo-play.svg.svg+xml\" alt=\"Logo lecture\" class=\"jsx-d0de44c05fe3042c PlayerLazyload__Play\"\/>15:40OFFENSIVE RUSSE<\/p>\n<p>Vladimir Poutine vient de lancer son arm\u00e9e sur la r\u00e9gion de Dnipropetrovsk, \u00e0 l&rsquo;ouest de Donetsk. Ce que l&rsquo;on sait de cette nouvelle offensive. \u2b07\ufe0f<\/p>\n<p>International<img decoding=\"async\" src=\"https:\/\/www.europesays.com\/fr\/wp-content\/uploads\/2025\/06\/vladimir-poutine-volodymyr-zelensky-2023-c241f5-0@1x.jpeg\" alt=\"Guerre en Ukraine : Poutine se lance \u00e0 l'assaut d'un nouvel oblast\" loading=\"lazy\" importance=\"low\" fetchpriority=\"low\" class=\"\" aria-hidden=\"true\"\/>Publi\u00e9 aujourd&rsquo;hui \u00e0 15h3014:04NOUVEL ECHANGE DE PRISONNIERS<\/p>\n<p>La Russie a affirm\u00e9 qu&rsquo;un nouveau groupe de prisonniers de guerre avait \u00e9t\u00e9 \u00e9chang\u00e9 lundi entre Kiev et Moscou, comme convenu la semaine derni\u00e8re lors d&rsquo;un deuxi\u00e8me cycle de pourparlers de paix russo-ukrainiens \u00e0 Istanbul.<\/p>\n<p>\u00ab\u00a0Un premier groupe de militaires russes \u00e2g\u00e9s de moins de 25 ans a \u00e9t\u00e9 rapatri\u00e9 du territoire sous le contr\u00f4le du r\u00e9gime de Kiev. En \u00e9change, le m\u00eame nombre de militaires de l&rsquo;arm\u00e9e ukrainienne a \u00e9t\u00e9 transf\u00e9r\u00e9\u00a0\u00bb, a annonc\u00e9 le minist\u00e8re russe de la D\u00e9fense dans un communiqu\u00e9, sans pr\u00e9ciser le nombre de soldats \u00e9chang\u00e9s.<\/p>\n<p>14:04NOUVEL ECHANGE DE PRISONNIERS<\/p>\n<p>Le pr\u00e9sident ukrainien Volodymyr Zelensky a indiqu\u00e9 que le nouvel \u00e9change de prisonniers avec la Russie se poursuivra dans les \u00ab\u00a0prochains jours\u00a0\u00bb, apr\u00e8s l&rsquo;annonce faite lundi par Moscou et Kiev du d\u00e9but de cette op\u00e9ration, sans que le nombre de soldats \u00e9chang\u00e9s ne soit r\u00e9v\u00e9l\u00e9.<\/p>\n<p>\u00ab\u00a0L&rsquo;\u00e9change a commenc\u00e9 aujourd&rsquo;hui et se d\u00e9roulera en plusieurs \u00e9tapes dans les prochains jours\u00a0\u00bb, a expliqu\u00e9 M. Zelensky sur les r\u00e9seaux sociaux, pr\u00e9cisant que \u00ab\u00a0le processus (\u00e9tait) assez complexe\u00a0\u00bb et \u00ab\u00a0les n\u00e9gociations se poursuivent pratiquement tous les jours\u00a0\u00bb.\u00a0<\/p>\n<p>11:57&Prime;UN INSTRUMENT D&rsquo;AGRESSION\u00a0\u00bb<\/p>\n<p>L&rsquo;Otan est un \u00ab\u00a0instrument d&rsquo;agression et de confrontation\u00a0\u00bb, a d\u00e9nonc\u00e9 le Kremlin, alors que le secr\u00e9taire g\u00e9n\u00e9ral de l&rsquo;Alliance, Mark Rutte, doit appeler lundi les pays membres \u00e0 augmenter de 400% les capacit\u00e9s de d\u00e9fense a\u00e9rienne et antimissile.<\/p>\n<p>\u00ab\u00a0L&rsquo;Otan, apr\u00e8s avoir \u00f4t\u00e9 son masque, d\u00e9montre de toutes les fa\u00e7ons possibles sa nature-m\u00eame d&rsquo;instrument d&rsquo;agression et de confrontation\u00a0\u00bb, a d\u00e9clar\u00e9 le porte-parole de la pr\u00e9sidence russe, Dmitri Peskov, lors de son briefing quotidien.<\/p>\n<p>10:14DES CENTAINES DE DRONES <\/p>\n<p>La Russie a lanc\u00e9 dans la nuit de dimanche \u00e0 lundi un nombre record de 479 drones explosifs sur l&rsquo;Ukraine, a annonc\u00e9 l&rsquo;arm\u00e9e de l&rsquo;air ukrainienne apr\u00e8s cette nouvelle s\u00e9rie d&rsquo;attaques qui intervient alors que Moscou refuse toujours les demandes de Kiev de cessez-le-feu.<\/p>\n<p>L&rsquo;arm\u00e9e de l&rsquo;air ukrainienne a pr\u00e9cis\u00e9 dans un communiqu\u00e9 que 460 de ces drones avaient \u00e9t\u00e9 intercept\u00e9s, ainsi que 19 des 20 missiles tir\u00e9s par la Russie.<\/p>\n<p>09:01OTAN<\/p>\n<p>Le secr\u00e9taire g\u00e9n\u00e9ral de l&rsquo;Otan Mark Rutte doit appeler lundi lors d&rsquo;une conf\u00e9rence \u00e0 Londres \u00e0 augmenter de 400% les capacit\u00e9s de d\u00e9fense a\u00e9rienne et antimissile de l&rsquo;Alliance, pour faire face notamment \u00e0 une Russie qui \u00ab\u00a0s\u00e8me la terreur par le ciel\u00a0\u00bb.<\/p>\n<p>Pour maintenir une dissuasion et une d\u00e9fense cr\u00e9dibles, \u00ab\u00a0l&rsquo;Otan a besoin d&rsquo;une augmentation de 400% de sa d\u00e9fense a\u00e9rienne et antimissile\u00a0\u00bb, doit-il d\u00e9clarer, selon un communiqu\u00e9, lors de cet \u00e9v\u00e9nement organis\u00e9 par le think tank Chatham House.\u00a0<\/p>\n<p>08:45POLOGNE<\/p>\n<p>L&rsquo;arm\u00e9e polonaise a annonc\u00e9 lundi avoir fait d\u00e9coller des avions de chasse en raison d&rsquo;une attaque russe \u00ab\u00a0intense\u00a0\u00bb dans l&rsquo;ouest de l&rsquo;Ukraine.<\/p>\n<p>\u00ab\u00a0En raison de l&rsquo;attaque a\u00e9rienne intense de la F\u00e9d\u00e9ration de Russie sur le territoire de l&rsquo;Ukraine, des avions polonais et alli\u00e9s ont commenc\u00e9 \u00e0 op\u00e9rer dans l&rsquo;espace a\u00e9rien polonais dans la matin\u00e9e\u00a0\u00bb, a annonc\u00e9 sur X l&rsquo;\u00e9tat-major polonais. \u00ab\u00a0Les chasseurs de service ont \u00e9t\u00e9 d\u00e9ploy\u00e9s par paires, et les syst\u00e8mes de d\u00e9fense a\u00e9rienne et de reconnaissance radar bas\u00e9s au sol ont atteint le niveau d&rsquo;alerte le plus \u00e9lev\u00e9\u00a0\u00bb, a-t-il ajout\u00e9, pr\u00e9cisant qu&rsquo;il s&rsquo;agissait d&rsquo;actions \u00ab\u00a0de nature pr\u00e9ventive\u00a0\u00bb.<\/p>\n<p>Ce type de d\u00e9ploiement est courant lorsque des missiles ou drones russes visent les r\u00e9gions de l&rsquo;ouest de l&rsquo;Ukraine, frontali\u00e8res avec la Pologne, un pays membre de l&rsquo;Otan.<\/p>\n<p>08:44UNE USINE RUSSE TOUCHEE PAR DES DRONES<\/p>\n<p>Le travail d&rsquo;une usine \u00e9lectronique a \u00e9t\u00e9 suspendu lundi en Tchouvachie, r\u00e9gion russe situ\u00e9e \u00e0 environ 600 km \u00e0 l&rsquo;est de Moscou, apr\u00e8s la chute de drones ukrainiens, ont indiqu\u00e9 les autorit\u00e9s locales.<\/p>\n<p>L&rsquo;Ukraine envoie r\u00e9guli\u00e8rement des drones frapper des cibles en Russie, en r\u00e9ponse aux bombardements a\u00e9riens quotidiens contre son territoire men\u00e9s par l&rsquo;arm\u00e9e russe depuis le lancement d&rsquo;une offensive \u00e0 grande \u00e9chelle en f\u00e9vrier 2022.<\/p>\n<p>\u00ab\u00a0Ce matin, des tentatives de l&rsquo;Ukraine d&rsquo;utiliser des drones en Tchouvachie ont \u00e9t\u00e9 constat\u00e9es\u00a0\u00bb, a \u00e9crit lundi sur Telegram le gouverneur r\u00e9gional, Oleg Nikola\u00efev, en soulignant que les attaques n&rsquo;avaient pas fait de victimes. Selon lui, \u00ab\u00a0deux drones ont chut\u00e9 sur le territoire de l&rsquo;usine VNIIR\u00a0\u00bb, l&rsquo;un des principaux concepteurs et fabricants russes de composants \u00e9lectroniques.<\/p>\n<p>06:20L&rsquo;UKRAINE, UNE INSPIRATION POUR LES ARM\u00c9ES OCCIDENTALES<\/p>\n<p>La \u00ab\u00a0cr\u00e9ativit\u00e9\u00a0\u00bb de l&rsquo;Ukraine, illustr\u00e9e par son attaque de bombardiers nucl\u00e9aires russes \u00e0 l&rsquo;aide de drones \u00e0 plus de 4.000 km de ses fronti\u00e8res, peut \u00eatre une source d&rsquo;inspiration pour les arm\u00e9es occidentales, estime l&rsquo;un des principaux responsables militaires de l&rsquo;Otan.<\/p>\n<p>\u00ab\u00a0Un tr\u00e8s, tr\u00e8s beau coup\u00a0\u00bb, juge, dans un entretien avec l&rsquo;AFP, l&rsquo;amiral fran\u00e7ais Pierre Vandier, un ancien chef d&rsquo;\u00e9tat-major de la marine fran\u00e7aise, appel\u00e9 en septembre 2024 \u00e0 conduire la transformation de l&rsquo;Alliance. \u00ab\u00a0Ce qu&rsquo;ont fait les Ukrainiens en Russie, c&rsquo;est un cheval de Troie\u00a0\u00bb, explique cet ex-pilote de Rafale et commandant du porte-avions Charles de Gaulle.<\/p>\n<p>06:18UN JEU \u00ab\u00a0SALE ET POLITIQUE\u00a0\u00bb<\/p>\n<p>Le pr\u00e9sident ukrainien Volodymyr Zelensky a accus\u00e9 dimanche la Russie de jouer un jeu \u00ab\u00a0sale et politique\u00a0\u00bb autour du prochain \u00e9change des prisonniers, que Moscou et Kiev s&rsquo;accusent mutuellement de perturber.\u00a0<\/p>\n<p>\u00ab\u00a0La partie russe, comme d&rsquo;habitude, essaie de jouer un jeu sale et politique\u00a0\u00bb, a d\u00e9clar\u00e9 M. Zelensky dans son discours quotidien, ajoutant que si la Russie ne respectait pas l&rsquo;accord, cela \u00ab\u00a0jetterait un grand doute\u00a0\u00bb sur les efforts diplomatiques visant \u00e0 mettre un terme \u00e0 une guerre qui dure depuis plus de trois ans.\u00a0<\/p>\n<p>06:16BONJOUR<\/p>\n<p>Bienvenue dans ce direct consacr\u00e9 \u00e0 l&rsquo;actualit\u00e9 de la guerre en Ukraine, d\u00e9but\u00e9e il y a plus de trois ans apr\u00e8s l&rsquo;invasion des troupes russes de Vladimir Poutine. Suivez ici, tout au long de la journ\u00e9e, les derni\u00e8res informations autour du conflit gr\u00e2ce \u00e0 nos experts en plateau, mais aussi nos envoy\u00e9s sp\u00e9ciaux.<\/p>\n<p data-module=\"article-paragraph\" class=\"jsx-3046738180 Paragraph\">L&rsquo;arm\u00e9e russe a annonc\u00e9 dimanche attaquer la r\u00e9gion ukrainienne de Dnipropetrovsk, qui borde celles de Donetsk et Zaporijjia d\u00e9j\u00e0 partiellement sous contr\u00f4le russe, une premi\u00e8re en plus de trois ans de conflit, \u00e0 un moment o\u00f9 les n\u00e9gociations de paix sont dans l&rsquo;impasse.<\/p>\n<p data-module=\"article-paragraph\" class=\"jsx-3046738180 Paragraph\">Pour l&rsquo;heure, c\u00f4t\u00e9 ukrainien, seul le commandement des forces de d\u00e9fense du Sud a r\u00e9agi, disant que \u00ab\u00a0l&rsquo;ennemi n&rsquo;abandonnait pas ses intentions d&rsquo;entrer dans la r\u00e9gion de Dnipropetrovsk\u00a0\u00bb, dans le centre-est, et que les soldats ukrainiens \u00ab\u00a0tenaient leur secteur du front\u00a0\u00bb.<\/p>\n<p data-module=\"article-paragraph\" class=\"jsx-3046738180 Paragraph Paragraph__End\">Ni l&rsquo;\u00e9tat-major militaire, ni le pr\u00e9sident Volodymyr Zelensky n&rsquo;ont pour l&rsquo;instant fait de commentaires face \u00e0 ce qui pourrait, si cela \u00e9tait confirm\u00e9, constituer un revers significatif pour les troupes ukrainiennes, en difficult\u00e9 sur le front faute d&rsquo;effectifs et d&rsquo;armements suffisants.<\/p>\n<p data-module=\"article-paragraph\" class=\"jsx-3046738180 Paragraph\">L&rsquo;annonce de cette op\u00e9ration intervient \u00e0 un moment o\u00f9 Moscou et Kiev s&rsquo;accusent mutuellement de perturber un \u00e9change de prisonniers et de militaires tu\u00e9s. L&rsquo;arm\u00e9e russe a r\u00e9p\u00e9t\u00e9 dimanche \u00eatre \u00ab\u00a0pr\u00eate \u00e0 restituer plus de 6.000 corps\u00a0\u00bb de soldats ukrainiens. Le chef du renseignement militaire ukrainien, Kyrylo Boudanov, a quant \u00e0 lui affirm\u00e9 dimanche que le processus aurait lieu \u00ab\u00a0la semaine prochaine\u00a0\u00bb, au lieu de ce weekend comme Kiev le pr\u00e9voyait initialement.<\/p>\n<p data-module=\"article-paragraph\" class=\"jsx-3046738180 Paragraph Paragraph__End\">Signe des difficult\u00e9s rencontr\u00e9es, le pr\u00e9sident Zelensky a dans la soir\u00e9e accus\u00e9 la Russie de jouer \u00ab\u00a0un jeu sale et politique\u00a0\u00bb dans ce dossier, ajoutant que si elle ne respectait pas l&rsquo;accord, cela \u00ab\u00a0jetterait un grand doute\u00a0\u00bb sur les actions diplomatiques visant \u00e0 mettre un terme \u00e0 la guerre. Cet \u00e9change, s&rsquo;il a lieu, sera l&rsquo;unique r\u00e9sultat concret des pourparlers directs du d\u00e9but de semaine.<\/p>\n<p><a href=\"https:\/\/www.tf1info.fr\/international\/guerre-ukraine-russie-offensive-russe-dans-la-region-de-dnipropetrovsk-nouveau-revers-symbolique-pour-kiev-2375693.html\" rel=\"noopener\" class=\"jsx-3308031228 Link flex\" target=\"_blank\"><img decoding=\"async\" src=\"https:\/\/www.europesays.com\/fr\/wp-content\/uploads\/2025\/06\/soldats-russes-place-rouge-moscou-29-09-22-1-2c04ea-0@1x.jpeg\" alt=\"Alexander NEMENOV \/ AFP\" loading=\"lazy\" importance=\"low\" fetchpriority=\"low\" class=\"\"\/><\/p>\n<p class=\"jsx-3657663356 ReadMoreArticle__Title\">Lire aussi<\/p>\n<p class=\"jsx-3657663356\">Ukraine : offensive russe dans la r\u00e9gion de Dnipropetrovsk, nouveau revers symbolique pour Kiev ?<\/p>\n<p><\/a><\/p>\n<p data-module=\"article-paragraph\" class=\"jsx-3046738180 Paragraph Paragraph__End\">Ces n\u00e9gociations \u00e0 Istanbul (Turquie) entre Kiev et Moscou sur une tr\u00eave, encourag\u00e9e par Washington, n&rsquo;ont pas permis de rapprocher les positions des bellig\u00e9rants.<\/p>\n<p>La r\u00e9daction de TF1info<\/p>\n<p><script async src=\"https:\/\/platform.twitter.com\/widgets.js\" charset=\"utf-8\"><\/script><\/p>\n","protected":false},"excerpt":{"rendered":"Sur LCI, Lula dit avoir rencontr\u00e9 le pr\u00e9sident Poutine et lui avoir dit qu&rsquo;il fallait \u00ab\u00a0s&rsquo;asseoir \u00e0 la&hellip;\n","protected":false},"author":2,"featured_media":164005,"comment_status":"","ping_status":"","sticky":false,"template":"","format":"standard","meta":{"footnotes":""},"categories":[1590],"tags":[1111,11,1921,1777,674,28083,1922,1916,12,132,220,133,1920,134],"class_list":{"0":"post-164004","1":"post","2":"type-post","3":"status-publish","4":"format-standard","5":"has-post-thumbnail","7":"category-ukraine","8":"tag-actu","9":"tag-actualites","10":"tag-article-video","11":"tag-eu","12":"tag-europe","13":"tag-guerre-en-ukraine-une-treve-sera-t-elle-possible","14":"tag-info","15":"tag-moscou","16":"tag-news","17":"tag-russie","18":"tag-ukraine","19":"tag-video","20":"tag-video-international","21":"tag-volodymyr-zelensky"},"share_on_mastodon":{"url":"https:\/\/pubeurope.com\/@fr\/114655231123902591","error":""},"_links":{"self":[{"href":"https:\/\/www.europesays.com\/fr\/wp-json\/wp\/v2\/posts\/164004","targetHints":{"allow":["GET"]}}],"collection":[{"href":"https:\/\/www.europesays.com\/fr\/wp-json\/wp\/v2\/posts"}],"about":[{"href":"https:\/\/www.europesays.com\/fr\/wp-json\/wp\/v2\/types\/post"}],"author":[{"embeddable":true,"href":"https:\/\/www.europesays.com\/fr\/wp-json\/wp\/v2\/users\/2"}],"replies":[{"embeddable":true,"href":"https:\/\/www.europesays.com\/fr\/wp-json\/wp\/v2\/comments?post=164004"}],"version-history":[{"count":0,"href":"https:\/\/www.europesays.com\/fr\/wp-json\/wp\/v2\/posts\/164004\/revisions"}],"wp:featuredmedia":[{"embeddable":true,"href":"https:\/\/www.europesays.com\/fr\/wp-json\/wp\/v2\/media\/164005"}],"wp:attachment":[{"href":"https:\/\/www.europesays.com\/fr\/wp-json\/wp\/v2\/media?parent=164004"}],"wp:term":[{"taxonomy":"category","embeddable":true,"href":"https:\/\/www.europesays.com\/fr\/wp-json\/wp\/v2\/categories?post=164004"},{"taxonomy":"post_tag","embeddable":true,"href":"https:\/\/www.europesays.com\/fr\/wp-json\/wp\/v2\/tags?post=164004"}],"curies":[{"name":"wp","href":"https:\/\/api.w.org\/{rel}","templated":true}]}}