{"id":164006,"date":"2025-06-09T20:12:08","date_gmt":"2025-06-09T20:12:08","guid":{"rendered":"https:\/\/www.europesays.com\/fr\/164006\/"},"modified":"2025-06-09T20:12:08","modified_gmt":"2025-06-09T20:12:08","slug":"khaby-lame-brievement-interpelle-les-intox-dun-proche-de-barron-trump-dementies","status":"publish","type":"post","link":"https:\/\/www.europesays.com\/fr\/164006\/","title":{"rendered":"Khaby Lame bri\u00e8vement interpell\u00e9, les intox d\u2019un proche de Barron Trump d\u00e9menties"},"content":{"rendered":"<p class=\"firstp\">Le c\u00e9l\u00e8bre TikTokeur italien <a href=\"https:\/\/www.senenews.com\/actualites\/societe\/immigration-sous-trump-khaby-lame-larrestation-et-le-depart-volontaire-des-etats-unis_544959.html\" target=\"_blank\" rel=\"noopener\">Khaby Lame<\/a>, \u00e2g\u00e9 de 25 ans, a \u00e9t\u00e9 bri\u00e8vement interpell\u00e9 aux \u00c9tats-Unis avant d\u2019\u00eatre rel\u00e2ch\u00e9 le jour m\u00eame. Il aurait ensuite \u00e9t\u00e9 autoris\u00e9 \u00e0 quitter volontairement le territoire am\u00e9ricain, sans qu\u2019aucune poursuite ne soit engag\u00e9e contre lui.<\/p>\n<p>Une r\u00e9cup\u00e9ration politique controvers\u00e9e<\/p>\n<p>L\u2019affaire a rapidement pris une tournure politique. Quelques heures apr\u00e8s l\u2019annonce de son interpellation, Bo Loudon, influenceur pro-Trump et proche du jeune Barron Trump, a publi\u00e9 un message sur X (anciennement Twitter) accusant Khaby Lame d\u2019\u00eatre un \u00ab immigrant ill\u00e9gal \u00bb et un \u00ab TikTokeur d\u2019extr\u00eame gauche \u00bb.\n<\/p>\n<p>\u00ab Khaby Lame, un TikToker d\u2019extr\u00eame gauche et sans papiers, vient d\u2019\u00eatre arr\u00eat\u00e9 et est actuellement d\u00e9tenu par l\u2019ICE sous la pr\u00e9sidence de Trump. J\u2019ai d\u00e9couvert qu\u2019il avait d\u00e9pass\u00e9 la dur\u00e9e de son visa et fraud\u00e9 le fisc. J\u2019ai personnellement entrepris des d\u00e9marches pour qu\u2019il soit expuls\u00e9 \u00bb, a-t-il \u00e9crit dans un message confus et largement critiqu\u00e9.\n<\/p>\n<p>Les faits rapidement d\u00e9mentis<\/p>\n<p>Le r\u00e9seau social X, propri\u00e9t\u00e9 d\u2019Elon Musk, a rapidement \u00e9mis une alerte sous le post de Loudon, qualifiant ses affirmations de \u00ab mensonge total et complet \u00bb.\n<\/p>\n<p>\u00ab Khaby Lame n\u2019est pas d\u00e9tenu par l\u2019ICE. Par ailleurs, le qualifier de TikTokeur d\u2019extr\u00eame gauche est infond\u00e9, car ses contenus ne sont pas de nature politique \u00bb, a pr\u00e9cis\u00e9 la plateforme.<\/p>\n<p>Silence de l\u2019int\u00e9ress\u00e9<\/p>\n<p>Jusqu\u2019\u00e0 pr\u00e9sent, Khaby Lame n\u2019a pas r\u00e9agi publiquement \u00e0 sa br\u00e8ve arrestation ni aux rumeurs qui ont circul\u00e9 sur les r\u00e9seaux sociaux.<\/p>\n","protected":false},"excerpt":{"rendered":"Le c\u00e9l\u00e8bre TikTokeur italien Khaby Lame, \u00e2g\u00e9 de 25 ans, a \u00e9t\u00e9 bri\u00e8vement interpell\u00e9 aux \u00c9tats-Unis avant d\u2019\u00eatre&hellip;\n","protected":false},"author":2,"featured_media":162925,"comment_status":"","ping_status":"","sticky":false,"template":"","format":"standard","meta":{"footnotes":""},"categories":[1589],"tags":[11,29673,73,1866,14,29107,12,29674,1864,1865,1863,308],"class_list":{"0":"post-164006","1":"post","2":"type-post","3":"status-publish","4":"format-standard","5":"has-post-thumbnail","7":"category-etats-unis","8":"tag-actualites","9":"tag-barron-trump","10":"tag-etats-unis","11":"tag-etats-unis-damerique","12":"tag-international","13":"tag-khaby-lame","14":"tag-news","15":"tag-senegal-actualites","16":"tag-united-states","17":"tag-united-states-of-america","18":"tag-us","19":"tag-usa"},"share_on_mastodon":{"url":"https:\/\/pubeurope.com\/@fr\/114655234940802539","error":""},"_links":{"self":[{"href":"https:\/\/www.europesays.com\/fr\/wp-json\/wp\/v2\/posts\/164006","targetHints":{"allow":["GET"]}}],"collection":[{"href":"https:\/\/www.europesays.com\/fr\/wp-json\/wp\/v2\/posts"}],"about":[{"href":"https:\/\/www.europesays.com\/fr\/wp-json\/wp\/v2\/types\/post"}],"author":[{"embeddable":true,"href":"https:\/\/www.europesays.com\/fr\/wp-json\/wp\/v2\/users\/2"}],"replies":[{"embeddable":true,"href":"https:\/\/www.europesays.com\/fr\/wp-json\/wp\/v2\/comments?post=164006"}],"version-history":[{"count":0,"href":"https:\/\/www.europesays.com\/fr\/wp-json\/wp\/v2\/posts\/164006\/revisions"}],"wp:featuredmedia":[{"embeddable":true,"href":"https:\/\/www.europesays.com\/fr\/wp-json\/wp\/v2\/media\/162925"}],"wp:attachment":[{"href":"https:\/\/www.europesays.com\/fr\/wp-json\/wp\/v2\/media?parent=164006"}],"wp:term":[{"taxonomy":"category","embeddable":true,"href":"https:\/\/www.europesays.com\/fr\/wp-json\/wp\/v2\/categories?post=164006"},{"taxonomy":"post_tag","embeddable":true,"href":"https:\/\/www.europesays.com\/fr\/wp-json\/wp\/v2\/tags?post=164006"}],"curies":[{"name":"wp","href":"https:\/\/api.w.org\/{rel}","templated":true}]}}