{"id":164011,"date":"2025-06-09T20:15:19","date_gmt":"2025-06-09T20:15:19","guid":{"rendered":"https:\/\/www.europesays.com\/fr\/164011\/"},"modified":"2025-06-09T20:15:19","modified_gmt":"2025-06-09T20:15:19","slug":"jusquou-ira-la-vague-populiste-en-europe","status":"publish","type":"post","link":"https:\/\/www.europesays.com\/fr\/164011\/","title":{"rendered":"Jusqu\u2019o\u00f9 ira la vague populiste en Europe ?"},"content":{"rendered":"<p>\n                                                Une partie de l\u2019extr\u00eame-droite europ\u00e9enne \u00e9tait rassembl\u00e9e ce lundi dans le Loiret (sud de Paris) \u00e0 l\u2019invitation du Rassemblement national. Aux c\u00f4t\u00e9s de Marine Le Pen et Jordan Bardella se trouvaient \u00e9galement le Premier ministre hongrois Viktor Orban ou encore le vice-pr\u00e9sident du Conseil des ministres italien Matteo Salvini. Objectif affich\u00e9\u00a0: montrer l\u2019union entre les droites populistes europ\u00e9ennes apr\u00e8s plusieurs scrutins qui ont vu se poursuivre leur mont\u00e9e en puissance.Les raisons du vote populiste sont-elles les m\u00eames selon les pays d\u2019Europe\u00a0? De futures victoires en Europe de l\u2019ouest sont-elles in\u00e9luctables\u00a0? Qu\u2019est-ce qui pourrait endiguer cette vague\u00a0?                    <\/p>\n<p><strong>Beatrice Giblin<\/strong>, g\u00e9ographe, professeure \u00e9m\u00e9rite \u00e0 l&rsquo;Institut Fran\u00e7ais de G\u00e9opolitique Universit\u00e9 Paris 8, et directrice de la revue de g\u00e9ographie et de g\u00e9opolitique H\u00e9rodote<strong>\u00a0<\/strong><\/p>\n<p>\u00a0<\/p>\n<p><strong>Tristan Guerra,<\/strong> responsable de la recherche pour le Think tank Destin Commun, politologue, sp\u00e9cialiste des comportements \u00e9lectoraux, de l\u2019opinion et la polarisation politique en Europe\u00a0<\/p>\n<p>\u00a0<\/p>\n<p><strong>Lukas Macek<\/strong>,\u00a0politiste, chercheur et chef du centre Grande Europe de l\u2019institut Jacques Delors\u00a0<\/p>\n","protected":false},"excerpt":{"rendered":"Une partie de l\u2019extr\u00eame-droite europ\u00e9enne \u00e9tait rassembl\u00e9e ce lundi dans le Loiret (sud de Paris) \u00e0 l\u2019invitation du&hellip;\n","protected":false},"author":2,"featured_media":164012,"comment_status":"","ping_status":"","sticky":false,"template":"","format":"standard","meta":{"footnotes":""},"categories":[1586],"tags":[11,23794,1777,674,1011,27,3535,12,25],"class_list":{"0":"post-164011","1":"post","2":"type-post","3":"status-publish","4":"format-standard","5":"has-post-thumbnail","7":"category-europe","8":"tag-actualites","9":"tag-debat-du-jour","10":"tag-eu","11":"tag-europe","12":"tag-fr","13":"tag-france","14":"tag-geopolitique","15":"tag-news","16":"tag-republique-francaise"},"share_on_mastodon":{"url":"https:\/\/pubeurope.com\/@fr\/114655246627019250","error":""},"_links":{"self":[{"href":"https:\/\/www.europesays.com\/fr\/wp-json\/wp\/v2\/posts\/164011","targetHints":{"allow":["GET"]}}],"collection":[{"href":"https:\/\/www.europesays.com\/fr\/wp-json\/wp\/v2\/posts"}],"about":[{"href":"https:\/\/www.europesays.com\/fr\/wp-json\/wp\/v2\/types\/post"}],"author":[{"embeddable":true,"href":"https:\/\/www.europesays.com\/fr\/wp-json\/wp\/v2\/users\/2"}],"replies":[{"embeddable":true,"href":"https:\/\/www.europesays.com\/fr\/wp-json\/wp\/v2\/comments?post=164011"}],"version-history":[{"count":0,"href":"https:\/\/www.europesays.com\/fr\/wp-json\/wp\/v2\/posts\/164011\/revisions"}],"wp:featuredmedia":[{"embeddable":true,"href":"https:\/\/www.europesays.com\/fr\/wp-json\/wp\/v2\/media\/164012"}],"wp:attachment":[{"href":"https:\/\/www.europesays.com\/fr\/wp-json\/wp\/v2\/media?parent=164011"}],"wp:term":[{"taxonomy":"category","embeddable":true,"href":"https:\/\/www.europesays.com\/fr\/wp-json\/wp\/v2\/categories?post=164011"},{"taxonomy":"post_tag","embeddable":true,"href":"https:\/\/www.europesays.com\/fr\/wp-json\/wp\/v2\/tags?post=164011"}],"curies":[{"name":"wp","href":"https:\/\/api.w.org\/{rel}","templated":true}]}}