{"id":164013,"date":"2025-06-09T20:16:13","date_gmt":"2025-06-09T20:16:13","guid":{"rendered":"https:\/\/www.europesays.com\/fr\/164013\/"},"modified":"2025-06-09T20:16:13","modified_gmt":"2025-06-09T20:16:13","slug":"protection-des-oceans-lue-affiche-ses-ambitions","status":"publish","type":"post","link":"https:\/\/www.europesays.com\/fr\/164013\/","title":{"rendered":"Protection des oc\u00e9ans\u00a0: l\u2019UE affiche ses ambitions"},"content":{"rendered":"<p>L\u2019Europe en premi\u00e8re ligne<\/p>\n<p>L\u2019Europe est en premi\u00e8re ligne. Elle poss\u00e8de le premier territoire maritime du monde, devant les \u00c9tats-Unis. Sa voix est particuli\u00e8rement attendue, \u00e0 l\u2019heure o\u00f9 Donald Trump entend faire des oc\u00e9ans le nouveau \u00ab\u00a0Far West\u00a0\u00bb, selon les termes du secr\u00e9taire g\u00e9n\u00e9ral de l\u2019Onu, Antonio Guterres.<\/p>\n<p>Pour mieux prot\u00e9ger la biodiversit\u00e9, la Commission compte proposer, d\u2019ici \u00e0 2027, aux eurod\u00e9put\u00e9s une loi sur les oc\u00e9ans, via la r\u00e9vision de l\u00e9gislations actuelles sur les milieux marins et la planification des activit\u00e9s maritimes.<\/p>\n<p>Outre la protection de la sant\u00e9 des oc\u00e9ans, le Pacte comporte cinq autres piliers ambitieux\u00a0: \u00ab\u00a0Promouvoir la comp\u00e9titivit\u00e9 de l\u2019\u00e9conomie bleue, soutenir les communaut\u00e9s locales, soutenir la recherche oc\u00e9anique, renforcer la s\u00e9curit\u00e9 maritime et mieux s\u2019organiser au niveau international\u00a0\u00bb, d\u00e9taille, depuis Nice, l\u2019eurod\u00e9put\u00e9e bretonne Isabelle Le Callennec, coordinatrice du Parti populaire europ\u00e9en (PPE) sur le Pacte europ\u00e9en des oc\u00e9ans. \u00ab\u00a0Les axes strat\u00e9giques de ce Pacte me paraissent tr\u00e8s bons. Il faut d\u00e9sormais que ces bonnes intentions soient suivies d\u2019effet. En tant que parlementaires europ\u00e9ens, nous allons nous assurer que tout est mis en place, concr\u00e8tement, pour atteindre ces objectifs. Cela va \u00eatre notre travail au retour \u00e0 Bruxelles\u00a0\u00bb, souligne-t-elle.<\/p>\n<p>\u00c9quation financi\u00e8re compliqu\u00e9e<\/p>\n<p>L\u2019\u00e9quation budg\u00e9taire pour financer ce Pacte s\u2019annonce compliqu\u00e9e. Sans parler des autres attentes exprim\u00e9es lors du Sommet de Nice. Les petits pays du Sud, comme aux n\u00e9gociations climatiques, veulent maintenir la pression financi\u00e8re sur tous les pays riches, y compris les Europ\u00e9ens. \u00ab\u00a0Si vous voulez vraiment prot\u00e9ger les oc\u00e9ans, prouvez-le\u00a0\u00bb, a lanc\u00e9, ce lundi, Surangel Whipps Jr, pr\u00e9sident du petit atoll des Palaos, dans le Pacifique. Il a appel\u00e9 les \u00c9tats d\u00e9velopp\u00e9s \u00e0 \u00ab\u00a0all\u00e9ger la dette\u00a0\u00bb pour que les petites nations insulaires comme la sienne puissent \u00ab\u00a0investir dans l\u2019adaptation\u00a0\u00bb au changement climatique. \u00ab\u00a0Pour nous, l\u2019oc\u00e9an n\u2019est pas seulement une ressource, c\u2019est notre ligne de vie. C\u2019est notre culture, notre \u00e9conomie et notre survie\u00a0\u00bb, a-t-il dit.<\/p>\n","protected":false},"excerpt":{"rendered":"L\u2019Europe en premi\u00e8re ligne L\u2019Europe est en premi\u00e8re ligne. Elle poss\u00e8de le premier territoire maritime du monde, devant&hellip;\n","protected":false},"author":2,"featured_media":164014,"comment_status":"","ping_status":"","sticky":false,"template":"","format":"standard","meta":{"footnotes":""},"categories":[1586],"tags":[11,765,436,1777,674,1779,1011,27,74,12,25,1778,364],"class_list":{"0":"post-164013","1":"post","2":"type-post","3":"status-publish","4":"format-standard","5":"has-post-thumbnail","7":"category-europe","8":"tag-actualites","9":"tag-en-continu","10":"tag-environnement","11":"tag-eu","12":"tag-europe","13":"tag-european-union","14":"tag-fr","15":"tag-france","16":"tag-monde","17":"tag-news","18":"tag-republique-francaise","19":"tag-ue","20":"tag-union-europeenne"},"share_on_mastodon":{"url":"https:\/\/pubeurope.com\/@fr\/114655250575795369","error":""},"_links":{"self":[{"href":"https:\/\/www.europesays.com\/fr\/wp-json\/wp\/v2\/posts\/164013","targetHints":{"allow":["GET"]}}],"collection":[{"href":"https:\/\/www.europesays.com\/fr\/wp-json\/wp\/v2\/posts"}],"about":[{"href":"https:\/\/www.europesays.com\/fr\/wp-json\/wp\/v2\/types\/post"}],"author":[{"embeddable":true,"href":"https:\/\/www.europesays.com\/fr\/wp-json\/wp\/v2\/users\/2"}],"replies":[{"embeddable":true,"href":"https:\/\/www.europesays.com\/fr\/wp-json\/wp\/v2\/comments?post=164013"}],"version-history":[{"count":0,"href":"https:\/\/www.europesays.com\/fr\/wp-json\/wp\/v2\/posts\/164013\/revisions"}],"wp:featuredmedia":[{"embeddable":true,"href":"https:\/\/www.europesays.com\/fr\/wp-json\/wp\/v2\/media\/164014"}],"wp:attachment":[{"href":"https:\/\/www.europesays.com\/fr\/wp-json\/wp\/v2\/media?parent=164013"}],"wp:term":[{"taxonomy":"category","embeddable":true,"href":"https:\/\/www.europesays.com\/fr\/wp-json\/wp\/v2\/categories?post=164013"},{"taxonomy":"post_tag","embeddable":true,"href":"https:\/\/www.europesays.com\/fr\/wp-json\/wp\/v2\/tags?post=164013"}],"curies":[{"name":"wp","href":"https:\/\/api.w.org\/{rel}","templated":true}]}}