{"id":164015,"date":"2025-06-09T20:17:09","date_gmt":"2025-06-09T20:17:09","guid":{"rendered":"https:\/\/www.europesays.com\/fr\/164015\/"},"modified":"2025-06-09T20:17:09","modified_gmt":"2025-06-09T20:17:09","slug":"ces-chercheurs-pris-pour-cible-par-les-islamistes","status":"publish","type":"post","link":"https:\/\/www.europesays.com\/fr\/164015\/","title":{"rendered":"ces chercheurs pris pour cible par les islamistes"},"content":{"rendered":"<p><strong>ENQU\u00caTE<\/strong> &#8211; D\u00e9nigrement professionnel, harc\u00e8lement moral, menaces physiques\u2026 Le ph\u00e9nom\u00e8ne concerne des universitaires fran\u00e7ais et \u00e9trangers.<\/p>\n<p class=\"fig-paragraph\">Serait-il devenu banal, dans la France de 2025, qu\u2019un chercheur travaillant sur l\u2019islamisme soit d\u00e9nigr\u00e9, harcel\u00e9, menac\u00e9 et plac\u00e9 sous protection polici\u00e8re\u00a0? Le d\u00e9bat soulev\u00e9 par\u00a0<a href=\"http:\/\/www.lefigaro.fr\/actualite-france\/reseaux-tentaculaires-organisation-secrete-quartiers-islamises-le-rapport-choc-sur-les-freres-musulmans-qui-veulent-instaurer-la-charia-en-france-20250520\" data-fig-type=\"Article\" data-gtm-custom-categorie=\"navigation\" data-gtm-custom-action=\"crossclick\" data-gtm-custom-label=\"Contextuel\" data-gtm-event=\"customEventSPE\" data-fig-domain=\"LEFIGARO\" rel=\"nofollow noopener\" target=\"_blank\">le rapport \u00ab\u00a0Fr\u00e8res musulmans et islamisme politique en France\u00a0\u00bb<\/a>\u00a0est l\u2019occasion de rappeler que c\u2019est le cas depuis plus de deux ans de\u00a0<a href=\"http:\/\/www.lefigaro.fr\/actualite-france\/l-anthropologue-florence-bergeaud-blackler-decoree-de-la-legion-d-honneur-20250117\" data-fig-type=\"Article\" data-gtm-custom-categorie=\"navigation\" data-gtm-custom-action=\"crossclick\" data-gtm-custom-label=\"Contextuel\" data-gtm-event=\"customEventSPE\" data-fig-domain=\"LEFIGARO\" rel=\"nofollow noopener\" target=\"_blank\">Florence Bergeaud-Blackler<\/a>, docteur en anthropologie, charg\u00e9e de recherche au CNRS et pr\u00e9sidente du Centre europ\u00e9en de recherche et d\u2019information sur le fr\u00e9risme.<\/p>\n<p class=\"fig-paragraph\">La raison en est connue\u00a0: la publication en 2023 de son livre Le\u00a0Fr\u00e9risme et ses r\u00e9seaux, l\u2019enqu\u00eate (Odile Jacob)\u00a0<a href=\"http:\/\/www.lefigaro.fr\/actualite-france\/florence-bergeaud-blackler-sur-l-islamisme-un-programme-de-destabilisation-de-nos-societes-est-a-l-oeuvre-depuis-quarante-ans-20240906\" data-fig-type=\"Article\" data-gtm-custom-categorie=\"navigation\" data-gtm-custom-action=\"crossclick\" data-gtm-custom-label=\"Contextuel\" data-gtm-event=\"customEventSPE\" data-fig-domain=\"LEFIGARO\" rel=\"nofollow noopener\" target=\"_blank\">visant les Fr\u00e8res musulmans<\/a>. La r\u00e9alit\u00e9 de cette menace, que certains nient ou relativisent depuis des d\u00e9cennies, est av\u00e9r\u00e9e. On sait depuis l\u2019affaire Rushdie en 1989 que l\u2019islamisme condamne \u00e0 mort des \u00e9crivains. Et, depuis plus de trente ans, des tueurs, visant des cibles d\u00e9sign\u00e9es, ont d\u00e9capit\u00e9 des enseignants, \u00e9gorg\u00e9 des intellectuels, abattu des journalistes ou des caricaturistes de Kaboul\u2026<\/p>\n<p class=\"fig-premium-paywall__infos\">\n        Cet article est r\u00e9serv\u00e9 aux abonn\u00e9s.        Il vous reste 95% \u00e0 d\u00e9couvrir.\n    <\/p>\n<p>                <img  data- alt=\"Le Figaro\" class=\"fig-img--complete fig-img\"\/><\/p>\n<p class=\"fig-premium-paywall__title\">Vente Flash<\/p>\n<p class=\"fig-premium-paywall__subtitle\">3,99\u20ac par mois pendant 12 mois. Sans engagement.<\/p>\n<p class=\"fig-premium-paywall__connect\">\n                D\u00e9j\u00e0 abonn\u00e9\u00a0?                <a class=\"fig-premium-paywall__connect-link\" href=\"https:\/\/connect.lefigaro.fr\/login?client=horizon_web&amp;type=main&amp;redirect_uri=https%3A%2F%2Fwww.lefigaro.fr%2Factualite-france%2Fon-ne-peut-plus-travailler-sauf-a-prendre-des-risques-ces-chercheurs-pris-pour-cible-par-les-islamistes-20250609\" data-js-gtm=\"{&quot;customCategorie&quot;: &quot;conversion&quot;, &quot;customAction&quot;: &quot;before_Landing_Connexion_paywall_auto&quot;, &quot;customLabel&quot;: &quot;bGVmaWdhcm8uZnJfXzFmMDQ0ODRjLTk5NmQtNjdlNC05ZmM0LThmZjk0YjU3M2I1Nl9fQXJ0aWNsZQ==_\u00abOn ne peut plus travailler, sauf \u00e0 prendre des risques\u00bb\u00a0: ces chercheurs pris pour cible par les islamistes_512&quot;, &quot;customIDSPE&quot;: &quot;bGVmaWdhcm8uZnJfXzFmMDQ0ODRjLTk5NmQtNjdlNC05ZmM0LThmZjk0YjU3M2I1Nl9fQXJ0aWNsZQ==&quot;, &quot;event&quot;: &quot;customEventSPE&quot;}\" rel=\"nofollow noopener\" target=\"_blank\"><br \/>\n                    Connectez-vous<br \/>\n                <\/a>\n            <\/p>\n","protected":false},"excerpt":{"rendered":"ENQU\u00caTE &#8211; D\u00e9nigrement professionnel, harc\u00e8lement moral, menaces physiques\u2026 Le ph\u00e9nom\u00e8ne concerne des universitaires fran\u00e7ais et \u00e9trangers. Serait-il devenu&hellip;\n","protected":false},"author":2,"featured_media":164016,"comment_status":"","ping_status":"","sticky":false,"template":"","format":"standard","meta":{"footnotes":""},"categories":[2],"tags":[47,1058,1054,1059,1060,1055,11,1057,118,1011,27,9305,1061,1253,303,12,1062,25,656,104,1056,809],"class_list":{"0":"post-164015","1":"post","2":"type-post","3":"status-publish","4":"format-standard","5":"has-post-thumbnail","7":"category-actualites","8":"tag-actualite","9":"tag-actualite-education","10":"tag-actualite-france","11":"tag-actualite-justice","12":"tag-actualite-securite","13":"tag-actualite-societe","14":"tag-actualites","15":"tag-education","16":"tag-faits-divers","17":"tag-fr","18":"tag-france","19":"tag-freres-musulmans","20":"tag-immigration","21":"tag-islamisme","22":"tag-justice","23":"tag-news","24":"tag-polemique","25":"tag-republique-francaise","26":"tag-securite","27":"tag-societe","28":"tag-societe-francaise","29":"tag-violence"},"share_on_mastodon":{"url":"https:\/\/pubeurope.com\/@fr\/114655254496524581","error":""},"_links":{"self":[{"href":"https:\/\/www.europesays.com\/fr\/wp-json\/wp\/v2\/posts\/164015","targetHints":{"allow":["GET"]}}],"collection":[{"href":"https:\/\/www.europesays.com\/fr\/wp-json\/wp\/v2\/posts"}],"about":[{"href":"https:\/\/www.europesays.com\/fr\/wp-json\/wp\/v2\/types\/post"}],"author":[{"embeddable":true,"href":"https:\/\/www.europesays.com\/fr\/wp-json\/wp\/v2\/users\/2"}],"replies":[{"embeddable":true,"href":"https:\/\/www.europesays.com\/fr\/wp-json\/wp\/v2\/comments?post=164015"}],"version-history":[{"count":0,"href":"https:\/\/www.europesays.com\/fr\/wp-json\/wp\/v2\/posts\/164015\/revisions"}],"wp:featuredmedia":[{"embeddable":true,"href":"https:\/\/www.europesays.com\/fr\/wp-json\/wp\/v2\/media\/164016"}],"wp:attachment":[{"href":"https:\/\/www.europesays.com\/fr\/wp-json\/wp\/v2\/media?parent=164015"}],"wp:term":[{"taxonomy":"category","embeddable":true,"href":"https:\/\/www.europesays.com\/fr\/wp-json\/wp\/v2\/categories?post=164015"},{"taxonomy":"post_tag","embeddable":true,"href":"https:\/\/www.europesays.com\/fr\/wp-json\/wp\/v2\/tags?post=164015"}],"curies":[{"name":"wp","href":"https:\/\/api.w.org\/{rel}","templated":true}]}}