{"id":164017,"date":"2025-06-09T20:18:09","date_gmt":"2025-06-09T20:18:09","guid":{"rendered":"https:\/\/www.europesays.com\/fr\/164017\/"},"modified":"2025-06-09T20:18:09","modified_gmt":"2025-06-09T20:18:09","slug":"arreter-le-gouverneur-de-californie-serait-super-lance-trump","status":"publish","type":"post","link":"https:\/\/www.europesays.com\/fr\/164017\/","title":{"rendered":"Arr\u00eater le gouverneur de Californie serait \u00absuper\u00bb, lance Trump"},"content":{"rendered":"<p>Le gouverneur Gavin Newsom a vivement r\u00e9pliqu\u00e9 sur X, alertant sur le fait que l\u2019arrestation d\u2019un gouverneur en exercice est \u00abun pas incontestable vers l\u2019autoritarisme\u00bb.<\/p>\n<p class=\"fig-paragraph\">Interrog\u00e9 lundi sur une possible arrestation du gouverneur d\u00e9mocrate de Californie\u00a0<a href=\"http:\/\/www.lefigaro.fr\/international\/chantre-du-progressisme-et-enflure-pour-donald-trump-gavin-newsom-le-gouverneur-de-californie-sous-le-feu-des-critiques-20250115\" data-fig-type=\"Article\" data-gtm-custom-categorie=\"navigation\" data-gtm-custom-action=\"crossclick\" data-gtm-custom-label=\"Contextuel\" data-gtm-event=\"customEventSPE\" data-fig-domain=\"LEFIGARO\" rel=\"nofollow noopener\" target=\"_blank\">Gavin Newsom<\/a>, l&rsquo;une de ses b\u00eates noires, Donald Trump a lanc\u00e9 que ce serait \u00absuper\u00bb. \u00abAllez-y, arr\u00eatez-moi\u00bb avait lanc\u00e9 Gavin Newsom dimanche sur la cha\u00eene MSNBC, \u00e0 l&rsquo;intention de Tom Homan, le principal conseiller de Donald Trump en mati\u00e8re d&rsquo;immigration et l&rsquo;architecte de sa politique d&rsquo;expulsion massive de migrants en situation irr\u00e9guli\u00e8re.<\/p>\n<p class=\"fig-paragraph\">Interrog\u00e9 par un journaliste sur ces propos \u00e0 son arriv\u00e9e \u00e0 la Maison Blanche lundi, le pr\u00e9sident am\u00e9ricain a dit: \u00abJe le ferais si j&rsquo;\u00e9tais Tom (Homan), je pense que c&rsquo;est super.\u00bb \u00abIl a fait un boulot horrible\u00bb, a insist\u00e9 Donald Trump, en r\u00e9f\u00e9rence au gouverneur de ce bastion d\u00e9mocrate qu&rsquo;est la Californie.<\/p>\n<p>\u00abUn pas incontestable vers l\u2019autoritarisme\u00bb<\/p>\n<p class=\"fig-paragraph\">Ce dernier a vivement r\u00e9pliqu\u00e9 sur X: \u00abLe pr\u00e9sident des \u00c9tats-Unis vient d&rsquo;appeler \u00e0 l&rsquo;arrestation d&rsquo;un gouverneur en exercice. (&#8230;) C&rsquo;est une ligne que nous ne pouvons pas franchir en tant que nation &#8211; c&rsquo;est un pas incontestable vers l&rsquo;autoritarisme\u00bb.<\/p>\n<p class=\"fig-paragraph\">Impossible, comme souvent, de savoir si ces propos de Donald Trump rel\u00e8vent de la pure provocation ou signalent une r\u00e9elle intention. Le pr\u00e9sident r\u00e9publicain a multipli\u00e9 ces derniers jours les attaques contre Gavin Newsom, consid\u00e9r\u00e9 comme un espoir de son parti pour la pr\u00e9sidentielle de 2028, alors que Los Angeles \u00e9tait secou\u00e9 par des affrontements entre forces de l&rsquo;ordre et manifestants oppos\u00e9s \u00e0 la politique migratoire du gouvernement.<\/p>\n<p class=\"fig-paragraph\">Donald Trump a en particulier ordonn\u00e9\u00a0<a href=\"http:\/\/www.lefigaro.fr\/international\/californie-heurts-et-arrestations-en-marge-d-une-operation-de-la-police-de-l-immigration-20250608\" data-fig-type=\"NewsFlash\" data-gtm-custom-categorie=\"navigation\" data-gtm-custom-action=\"crossclick\" data-gtm-custom-label=\"Contextuel\" data-gtm-event=\"customEventSPE\" data-fig-domain=\"LEFIGARO\" rel=\"nofollow noopener\" target=\"_blank\">le d\u00e9ploiement de la Garde nationale<\/a>, un corps de r\u00e9serve de l&rsquo;arm\u00e9e, dans la m\u00e9galopole californienne contre l&rsquo;avis du gouverneur.<\/p>\n","protected":false},"excerpt":{"rendered":"Le gouverneur Gavin Newsom a vivement r\u00e9pliqu\u00e9 sur X, alertant sur le fait que l\u2019arrestation d\u2019un gouverneur en&hellip;\n","protected":false},"author":2,"featured_media":164018,"comment_status":"","ping_status":"","sticky":false,"template":"","format":"standard","meta":{"footnotes":""},"categories":[2],"tags":[259,11,260,1011,27,14,261,12,262,25],"class_list":{"0":"post-164017","1":"post","2":"type-post","3":"status-publish","4":"format-standard","5":"has-post-thumbnail","7":"category-actualites","8":"tag-actualite-internationale","9":"tag-actualites","10":"tag-affaires-etrangeres","11":"tag-fr","12":"tag-france","13":"tag-international","14":"tag-ministere-des-affaires-etrangeres","15":"tag-news","16":"tag-politique-etrangere","17":"tag-republique-francaise"},"share_on_mastodon":{"url":"https:\/\/pubeurope.com\/@fr\/114655258512348286","error":""},"_links":{"self":[{"href":"https:\/\/www.europesays.com\/fr\/wp-json\/wp\/v2\/posts\/164017","targetHints":{"allow":["GET"]}}],"collection":[{"href":"https:\/\/www.europesays.com\/fr\/wp-json\/wp\/v2\/posts"}],"about":[{"href":"https:\/\/www.europesays.com\/fr\/wp-json\/wp\/v2\/types\/post"}],"author":[{"embeddable":true,"href":"https:\/\/www.europesays.com\/fr\/wp-json\/wp\/v2\/users\/2"}],"replies":[{"embeddable":true,"href":"https:\/\/www.europesays.com\/fr\/wp-json\/wp\/v2\/comments?post=164017"}],"version-history":[{"count":0,"href":"https:\/\/www.europesays.com\/fr\/wp-json\/wp\/v2\/posts\/164017\/revisions"}],"wp:featuredmedia":[{"embeddable":true,"href":"https:\/\/www.europesays.com\/fr\/wp-json\/wp\/v2\/media\/164018"}],"wp:attachment":[{"href":"https:\/\/www.europesays.com\/fr\/wp-json\/wp\/v2\/media?parent=164017"}],"wp:term":[{"taxonomy":"category","embeddable":true,"href":"https:\/\/www.europesays.com\/fr\/wp-json\/wp\/v2\/categories?post=164017"},{"taxonomy":"post_tag","embeddable":true,"href":"https:\/\/www.europesays.com\/fr\/wp-json\/wp\/v2\/tags?post=164017"}],"curies":[{"name":"wp","href":"https:\/\/api.w.org\/{rel}","templated":true}]}}