{"id":164031,"date":"2025-06-09T20:27:09","date_gmt":"2025-06-09T20:27:09","guid":{"rendered":"https:\/\/www.europesays.com\/fr\/164031\/"},"modified":"2025-06-09T20:27:09","modified_gmt":"2025-06-09T20:27:09","slug":"cyclisme-criterium-du-dauphine-penhoet-declasse-carton-jaune-pour-politt-et-hagenes","status":"publish","type":"post","link":"https:\/\/www.europesays.com\/fr\/164031\/","title":{"rendered":"Cyclisme. Crit\u00e9rium du Dauphin\u00e9 &#8211; Penho\u00ebt d\u00e9class\u00e9, carton jaune pour Politt et Hagenes&#8230;"},"content":{"rendered":"<p>Le final de cette 2e \u00e9tape du<strong> <a href=\"https:\/\/www.cyclismactu.net\/..\/news-cyclisme-route-criterium-du-dauphine-jonathan-milan-remporte-2e-etape-et-prend-jaune-88276.html\" target=\"_blank\" rel=\"noopener\">Crit\u00e9rium du Dauphin\u00e9<\/a> <\/strong>a \u00e9t\u00e9 mouvement\u00e9. En effet, la tension \u00e9tait palpable dans le peloton et plusieurs coureurs ont \u00e9t\u00e9 sanctionn\u00e9s par le jury des commissaires. C&rsquo;est notamment le cas de <strong>Paul Penhoet <\/strong>(Groupama-FDJ), qui a \u00e9cop\u00e9 de 6 points de suspension par points, une rel\u00e9gation \u00e0 la derni\u00e8re place du groupe auquel il appartenait et un carton jaune. Le Fran\u00e7ais perd donc sa 5e place sur l&rsquo;\u00e9tape \u00e0 cause d&rsquo;un \u00ab\u00a0sprint irr\u00e9gulier mettant en danger un autre coureur (notamment coup de coude, d&rsquo;\u00e9paule)\u00a0\u00bb.<\/p>\n<p>Vid\u00e9o &#8211; Jonathan Milan apr\u00e8s sa victoire sur cette 2e \u00e9tape Lire la suite de l&rsquo;article&#13;<\/p>\n<p>\u00a0<\/p>\n<p>&#13;<br \/>\nPolitt et Hagenes&#8230; gros accrochage et sanction \u00e9trange&#13;<\/p>\n<p>Mais le sprinteur fran\u00e7ais n&rsquo;est pas le seul \u00e0 avoir \u00e9t\u00e9 sanctionn\u00e9, puisque deux autres coureurs ont \u00e9cop\u00e9 d&rsquo;un carton jaune. Il s&rsquo;agit de <strong>Nils Politt<\/strong> (UAE Team Emirates XRG) et de <strong>Per Strand Hagenes<\/strong> (Visma | Lease a Bike). A 25 kilom\u00e8tres de l&rsquo;arriv\u00e9e, alors que chaque \u00e9quipe avait son train en place, <strong>Politt <\/strong>est arriv\u00e9 en t\u00eate de peloton et s&rsquo;est rabattu sur <strong>Hagenes<\/strong>. Ce dernier l&rsquo;a repouss\u00e9. Puis <strong>Politt <\/strong>a de nouveau volontairement d\u00e9vi\u00e9 sur <strong>Hagenes<\/strong>, manquant de peu de le faire chuter. Une attitude dangereuse m\u00e9ritant logiquement un carton jaune. Plus \u00e9tonnant en revanche que le Norv\u00e9gien ait lui aussi \u00e9cop\u00e9 de la m\u00eame sanction.<\/p>\n<p>&#13;<\/p>\n<blockquote class=\"twitter-tweet\" style=\"width:100%!important;max-width:550px!important;min-width:250px;height:500px;\" data-media-max-width=\"560\"><p>&#13;<\/p>\n<p dir=\"ltr\" lang=\"fr\">\u00c7a frotte en t\u00eate de peloton ! <\/p>\n<p>The battle is on at the front of the peloton!<a href=\"https:\/\/twitter.com\/hashtag\/Dauphin%C3%A9?src=hash&amp;ref_src=twsrc%5Etfw\" target=\"_blank\" rel=\"noopener\">#Dauphin\u00e9<\/a> <a href=\"https:\/\/t.co\/enaeibNGnP\">pic.twitter.com\/enaeibNGnP<\/a><\/p>\n<p>&#13;<br \/>\n\u2014 Crit\u00e9rium du Dauphin\u00e9 (@dauphine) <a href=\"https:\/\/twitter.com\/dauphine\/status\/1932089316575948936?ref_src=twsrc%5Etfw\" target=\"_blank\" rel=\"noopener\">June 9, 2025<\/a><\/p><\/blockquote>\n<p>&#13;<br \/>\n<script async src=\"https:\/\/platform.twitter.com\/widgets.js\" charset=\"utf-8\"><\/script><\/p>\n","protected":false},"excerpt":{"rendered":"Le final de cette 2e \u00e9tape du Crit\u00e9rium du Dauphin\u00e9 a \u00e9t\u00e9 mouvement\u00e9. En effet, la tension \u00e9tait&hellip;\n","protected":false},"author":2,"featured_media":164032,"comment_status":"","ping_status":"","sticky":false,"template":"","format":"standard","meta":{"footnotes":""},"categories":[1411],"tags":[24803,1154,207,211,1011,27,209,60,210,212,208,213],"class_list":{"0":"post-164031","1":"post","2":"type-post","3":"status-publish","4":"format-standard","5":"has-post-thumbnail","7":"category-cyclisme","8":"tag-criterium-du-dauphine","9":"tag-cycling","10":"tag-cyclisme","11":"tag-ffc","12":"tag-fr","13":"tag-france","14":"tag-route","15":"tag-sports","16":"tag-tour-de-france","17":"tag-uci","18":"tag-velo","19":"tag-world-tour"},"share_on_mastodon":{"url":"https:\/\/pubeurope.com\/@fr\/114655293790637598","error":""},"_links":{"self":[{"href":"https:\/\/www.europesays.com\/fr\/wp-json\/wp\/v2\/posts\/164031","targetHints":{"allow":["GET"]}}],"collection":[{"href":"https:\/\/www.europesays.com\/fr\/wp-json\/wp\/v2\/posts"}],"about":[{"href":"https:\/\/www.europesays.com\/fr\/wp-json\/wp\/v2\/types\/post"}],"author":[{"embeddable":true,"href":"https:\/\/www.europesays.com\/fr\/wp-json\/wp\/v2\/users\/2"}],"replies":[{"embeddable":true,"href":"https:\/\/www.europesays.com\/fr\/wp-json\/wp\/v2\/comments?post=164031"}],"version-history":[{"count":0,"href":"https:\/\/www.europesays.com\/fr\/wp-json\/wp\/v2\/posts\/164031\/revisions"}],"wp:featuredmedia":[{"embeddable":true,"href":"https:\/\/www.europesays.com\/fr\/wp-json\/wp\/v2\/media\/164032"}],"wp:attachment":[{"href":"https:\/\/www.europesays.com\/fr\/wp-json\/wp\/v2\/media?parent=164031"}],"wp:term":[{"taxonomy":"category","embeddable":true,"href":"https:\/\/www.europesays.com\/fr\/wp-json\/wp\/v2\/categories?post=164031"},{"taxonomy":"post_tag","embeddable":true,"href":"https:\/\/www.europesays.com\/fr\/wp-json\/wp\/v2\/tags?post=164031"}],"curies":[{"name":"wp","href":"https:\/\/api.w.org\/{rel}","templated":true}]}}