{"id":164033,"date":"2025-06-09T20:28:09","date_gmt":"2025-06-09T20:28:09","guid":{"rendered":"https:\/\/www.europesays.com\/fr\/164033\/"},"modified":"2025-06-09T20:28:09","modified_gmt":"2025-06-09T20:28:09","slug":"psg-bournemouth-tente-une-pression-pour-zabarnyi-paris-ne-cede-pas-transferts","status":"publish","type":"post","link":"https:\/\/www.europesays.com\/fr\/164033\/","title":{"rendered":"PSG : Bournemouth tente une pression pour Zabarnyi, Paris ne c\u00e8de pas &#8211; Transferts"},"content":{"rendered":"<p>\u00c0 l\u2019approche de la deadline pour inscrire les joueurs \u00e0 la Coupe du Monde des Clubs, Bournemouth tente un dernier coup de pression sur le PSG. Le club anglais r\u00e9clame pas moins de 70 millions d\u2019euros pour lib\u00e9rer son d\u00e9fenseur central Ilya Zabarnyi, selon les informations de L\u2019\u00c9quipe.<\/p>\n<p>Une somme jug\u00e9e bien trop \u00e9lev\u00e9e par les dirigeants parisiens, qui ont d\u00e9j\u00e0 formul\u00e9 une premi\u00e8re offre de 50 M\u20ac, refus\u00e9e par les Cherries. Paris ne compte pas se pr\u00e9cipiter. Conscient du timing, le club de la capitale n\u2019entend pas surpayer un joueur, aussi prometteur soit-il, sous la pression de l\u2019\u00e9ch\u00e9ance.<\/p>\n<p>Si aucun accord n\u2019est trouv\u00e9 dans les heures qui viennent, le PSG pourrait revenir \u00e0 la charge cet \u00e9t\u00e9, une fois la saison termin\u00e9e et le mercato estival pleinement lanc\u00e9. En attendant, Luis Enrique devra composer avec son effectif actuel pour la comp\u00e9tition mondiale.<\/p>\n<p>\u00a0<\/p>\n","protected":false},"excerpt":{"rendered":"\u00c0 l\u2019approche de la deadline pour inscrire les joueurs \u00e0 la Coupe du Monde des Clubs, Bournemouth tente&hellip;\n","protected":false},"author":2,"featured_media":164034,"comment_status":"","ping_status":"","sticky":false,"template":"","format":"standard","meta":{"footnotes":""},"categories":[1410],"tags":[29677,17618,29676,4930,615,29678,13677,4560,63,1011,27,29679,74,11263,626,471,14363,60,18800,29675],"class_list":{"0":"post-164033","1":"post","2":"type-post","3":"status-publish","4":"format-standard","5":"has-post-thumbnail","7":"category-football","8":"tag-approche","9":"tag-bournemouth","10":"tag-cede","11":"tag-clubs","12":"tag-coupe","13":"tag-deadline","14":"tag-encheres","15":"tag-faire","16":"tag-football","17":"tag-fr","18":"tag-france","19":"tag-ilya","20":"tag-monde","21":"tag-monter","22":"tag-paris","23":"tag-pour","24":"tag-pression","25":"tag-sports","26":"tag-tente","27":"tag-zabarnyi"},"share_on_mastodon":{"url":"https:\/\/pubeurope.com\/@fr\/114655297747322626","error":""},"_links":{"self":[{"href":"https:\/\/www.europesays.com\/fr\/wp-json\/wp\/v2\/posts\/164033","targetHints":{"allow":["GET"]}}],"collection":[{"href":"https:\/\/www.europesays.com\/fr\/wp-json\/wp\/v2\/posts"}],"about":[{"href":"https:\/\/www.europesays.com\/fr\/wp-json\/wp\/v2\/types\/post"}],"author":[{"embeddable":true,"href":"https:\/\/www.europesays.com\/fr\/wp-json\/wp\/v2\/users\/2"}],"replies":[{"embeddable":true,"href":"https:\/\/www.europesays.com\/fr\/wp-json\/wp\/v2\/comments?post=164033"}],"version-history":[{"count":0,"href":"https:\/\/www.europesays.com\/fr\/wp-json\/wp\/v2\/posts\/164033\/revisions"}],"wp:featuredmedia":[{"embeddable":true,"href":"https:\/\/www.europesays.com\/fr\/wp-json\/wp\/v2\/media\/164034"}],"wp:attachment":[{"href":"https:\/\/www.europesays.com\/fr\/wp-json\/wp\/v2\/media?parent=164033"}],"wp:term":[{"taxonomy":"category","embeddable":true,"href":"https:\/\/www.europesays.com\/fr\/wp-json\/wp\/v2\/categories?post=164033"},{"taxonomy":"post_tag","embeddable":true,"href":"https:\/\/www.europesays.com\/fr\/wp-json\/wp\/v2\/tags?post=164033"}],"curies":[{"name":"wp","href":"https:\/\/api.w.org\/{rel}","templated":true}]}}