{"id":164043,"date":"2025-06-09T20:33:11","date_gmt":"2025-06-09T20:33:11","guid":{"rendered":"https:\/\/www.europesays.com\/fr\/164043\/"},"modified":"2025-06-09T20:33:11","modified_gmt":"2025-06-09T20:33:11","slug":"scene-insolite-en-france-ed-sheeran-et-soprano-se-retrouvent-pour-jouer-a-la-petanque-a-marseille-video","status":"publish","type":"post","link":"https:\/\/www.europesays.com\/fr\/164043\/","title":{"rendered":"Sc\u00e8ne insolite en France: Ed Sheeran et Soprano se retrouvent pour jouer \u00e0 la p\u00e9tanque \u00e0 Marseille (VID\u00c9O)"},"content":{"rendered":"<p class=\"ap-StoryElement ap-StoryElement--mb ap-StoryText\">Une sc\u00e8ne qui a \u00e9tonn\u00e9 les passants de la cit\u00e9 phoc\u00e9enne. En concert au V\u00e9lodrome de Marseille ces 6 et 7 juin, le chanteur britannique <a href=\"https:\/\/www.dhnet.be\/medias\/musique\/2025\/04\/08\/decouvrez-ce-qui-sera-sans-aucun-doute-le-nouveau-hit-de-lete-2025-signe-ed-sheeran-video-DVNKEPW5KJELNPXXSRN74CMXFA\/\" target=\"_blank\" rel=\"noopener\">Ed Sheeran <\/a>a arpent\u00e9 les rues de la ville accompagn\u00e9e d&rsquo;un guide local : le chanteur Soprano. Ils ont \u00e9t\u00e9 aper\u00e7us en train de jouer une partie de p\u00e9tanque, le sport ch\u00e9ri par les habitants. Ed Sheeran portait m\u00eame un maillot de l&rsquo;Olympique de Marseille. Les deux stars ont aussi \u00e9t\u00e9 vues dans un tuk-tuk rose, saluant les badauds.<\/p>\n","protected":false},"excerpt":{"rendered":"Une sc\u00e8ne qui a \u00e9tonn\u00e9 les passants de la cit\u00e9 phoc\u00e9enne. En concert au V\u00e9lodrome de Marseille ces&hellip;\n","protected":false},"author":2,"featured_media":164044,"comment_status":"","ping_status":"","sticky":false,"template":"","format":"standard","meta":{"footnotes":""},"categories":[1355],"tags":[58,59,1011,27,29680,1361,873],"class_list":{"0":"post-164043","1":"post","2":"type-post","3":"status-publish","4":"format-standard","5":"has-post-thumbnail","7":"category-musique","8":"tag-divertissement","9":"tag-entertainment","10":"tag-fr","11":"tag-france","12":"tag-franco","13":"tag-music","14":"tag-musique"},"share_on_mastodon":{"url":"https:\/\/pubeurope.com\/@fr\/114655317408057383","error":""},"_links":{"self":[{"href":"https:\/\/www.europesays.com\/fr\/wp-json\/wp\/v2\/posts\/164043","targetHints":{"allow":["GET"]}}],"collection":[{"href":"https:\/\/www.europesays.com\/fr\/wp-json\/wp\/v2\/posts"}],"about":[{"href":"https:\/\/www.europesays.com\/fr\/wp-json\/wp\/v2\/types\/post"}],"author":[{"embeddable":true,"href":"https:\/\/www.europesays.com\/fr\/wp-json\/wp\/v2\/users\/2"}],"replies":[{"embeddable":true,"href":"https:\/\/www.europesays.com\/fr\/wp-json\/wp\/v2\/comments?post=164043"}],"version-history":[{"count":0,"href":"https:\/\/www.europesays.com\/fr\/wp-json\/wp\/v2\/posts\/164043\/revisions"}],"wp:featuredmedia":[{"embeddable":true,"href":"https:\/\/www.europesays.com\/fr\/wp-json\/wp\/v2\/media\/164044"}],"wp:attachment":[{"href":"https:\/\/www.europesays.com\/fr\/wp-json\/wp\/v2\/media?parent=164043"}],"wp:term":[{"taxonomy":"category","embeddable":true,"href":"https:\/\/www.europesays.com\/fr\/wp-json\/wp\/v2\/categories?post=164043"},{"taxonomy":"post_tag","embeddable":true,"href":"https:\/\/www.europesays.com\/fr\/wp-json\/wp\/v2\/tags?post=164043"}],"curies":[{"name":"wp","href":"https:\/\/api.w.org\/{rel}","templated":true}]}}