{"id":164052,"date":"2025-06-09T20:38:08","date_gmt":"2025-06-09T20:38:08","guid":{"rendered":"https:\/\/www.europesays.com\/fr\/164052\/"},"modified":"2025-06-09T20:38:08","modified_gmt":"2025-06-09T20:38:08","slug":"decouvrez-toutes-les-nouveautes-de-liphone-et-dapple","status":"publish","type":"post","link":"https:\/\/www.europesays.com\/fr\/164052\/","title":{"rendered":"d\u00e9couvrez toutes les nouveaut\u00e9s de l&rsquo;iPhone et d&rsquo;Apple"},"content":{"rendered":"<p>Aujourd&rsquo;hui \u00e0 18h00<\/p>\n<p>Bienvenue sur ce direct de la conf\u00e9rence d&rsquo;Apple<\/p>\n<p>Comme chaque ann\u00e9e (ou presque), Apple organise une grande conf\u00e9rence pour c\u00e9l\u00e9brer le d\u00e9marrage de la WWDC, son salon d\u00e9di\u00e9 aux d\u00e9veloppeurs.<\/p>\n<p>Le programme <a href=\"https:\/\/www.bfmtv.com\/tech\/wwdc-25-ce-qu-il-faut-attendre-de-la-grande-conference-d-apple_AV-202506090469.html\" title=\"WWDC 25: ce qu&#039;il faut attendre de la grande conf\u00e9rence d&#039;Apple\" class=\"internal_link\" rel=\"nofollow noopener\" target=\"_blank\">s&rsquo;annonce plut\u00f4t charg\u00e9<\/a>, puisqu&rsquo;il doit permettre \u00e0 l&rsquo;entreprise am\u00e9ricaine derri\u00e8re l&rsquo;iPhone, l&rsquo;iPad et le Mac, de d\u00e9voiler les nouveaut\u00e9s \u00e0 venir sur ses syst\u00e8mes exploitations.<\/p>\n<p>iOS, macOS ou encore visionOS et iPadOS devraient b\u00e9n\u00e9ficier d&rsquo;une tr\u00e8s grosse refonte de leur interface, avec plusieurs nouvelles fonctionnalit\u00e9s.<\/p>\n<p>Il va en revanche ne pas falloir compter sur une trop grande pr\u00e9sence de l&rsquo;intelligence artificielle: <a href=\"https:\/\/www.bfmtv.com\/tech\/apple\/siri-et-apple-pourquoi-l-intelligence-artificielle-de-l-i-phone-fera-profil-bas-lors-de-la-wwdc-2025_AV-202506090407.html\" title=\"Siri et Apple: pourquoi l&#039;intelligence artificielle de l&#039;iPhone fera profil bas lors de la WWDC 2025\" class=\"internal_link\" rel=\"nofollow noopener\" target=\"_blank\">le sujet \u00e9tant inflammable depuis le report du nouveau Siri \u00e0 2026<\/a>. Tim Cook, le patron d&rsquo;Apple, \u00e9voquera toutefois peut-\u00eatre le sujet au d\u00e9tour d&rsquo;une nouveaut\u00e9.<\/p>\n<p>Il ne faut en revanche pas attendre de nouveaux produits, Apple r\u00e9serve ses annonces en mati\u00e8re d&rsquo;iPhone ou d&rsquo;iPad pour la rentr\u00e9e 2025.<\/p>\n","protected":false},"excerpt":{"rendered":"Aujourd&rsquo;hui \u00e0 18h00 Bienvenue sur ce direct de la conf\u00e9rence d&rsquo;Apple Comme chaque ann\u00e9e (ou presque), Apple organise&hellip;\n","protected":false},"author":2,"featured_media":164053,"comment_status":"","ping_status":"","sticky":false,"template":"","format":"standard","meta":{"footnotes":""},"categories":[7],"tags":[1011,27,43,40,41,39,42,44],"class_list":{"0":"post-164052","1":"post","2":"type-post","3":"status-publish","4":"format-standard","5":"has-post-thumbnail","7":"category-sciences-et-technologies","8":"tag-fr","9":"tag-france","10":"tag-science","11":"tag-science-and-technology","12":"tag-sciences","13":"tag-sciences-et-technologies","14":"tag-technologies","15":"tag-technology"},"share_on_mastodon":{"url":"https:\/\/pubeurope.com\/@fr\/114655337079828637","error":""},"_links":{"self":[{"href":"https:\/\/www.europesays.com\/fr\/wp-json\/wp\/v2\/posts\/164052","targetHints":{"allow":["GET"]}}],"collection":[{"href":"https:\/\/www.europesays.com\/fr\/wp-json\/wp\/v2\/posts"}],"about":[{"href":"https:\/\/www.europesays.com\/fr\/wp-json\/wp\/v2\/types\/post"}],"author":[{"embeddable":true,"href":"https:\/\/www.europesays.com\/fr\/wp-json\/wp\/v2\/users\/2"}],"replies":[{"embeddable":true,"href":"https:\/\/www.europesays.com\/fr\/wp-json\/wp\/v2\/comments?post=164052"}],"version-history":[{"count":0,"href":"https:\/\/www.europesays.com\/fr\/wp-json\/wp\/v2\/posts\/164052\/revisions"}],"wp:featuredmedia":[{"embeddable":true,"href":"https:\/\/www.europesays.com\/fr\/wp-json\/wp\/v2\/media\/164053"}],"wp:attachment":[{"href":"https:\/\/www.europesays.com\/fr\/wp-json\/wp\/v2\/media?parent=164052"}],"wp:term":[{"taxonomy":"category","embeddable":true,"href":"https:\/\/www.europesays.com\/fr\/wp-json\/wp\/v2\/categories?post=164052"},{"taxonomy":"post_tag","embeddable":true,"href":"https:\/\/www.europesays.com\/fr\/wp-json\/wp\/v2\/tags?post=164052"}],"curies":[{"name":"wp","href":"https:\/\/api.w.org\/{rel}","templated":true}]}}