{"id":164056,"date":"2025-06-09T20:40:12","date_gmt":"2025-06-09T20:40:12","guid":{"rendered":"https:\/\/www.europesays.com\/fr\/164056\/"},"modified":"2025-06-09T20:40:12","modified_gmt":"2025-06-09T20:40:12","slug":"le-gouvernement-de-benjamin-netanyahu-est-il-sur-le-point-de-tomber","status":"publish","type":"post","link":"https:\/\/www.europesays.com\/fr\/164056\/","title":{"rendered":"le gouvernement de Benjamin Netanyahu est-il sur le point de tomber?"},"content":{"rendered":"<p><img decoding=\"async\" class=\"caas-img caas-lazy has-preview\" src=\"https:\/\/www.europesays.com\/fr\/wp-content\/uploads\/2025\/06\/7d1826c105034ac6723a49eb2a099de5.jpeg\"\/><\/p>\n<p>Le parti juif ultra-orthodoxe Shass, alli\u00e9 du Premier ministre Benjamin Netanyahu, a menac\u00e9 lundi 9 juin de <a data-i13n=\"cpos:1;pos:1\" href=\"https:\/\/fr.news.yahoo.com\/gaza-ps-pcf-%C3%A9cologistes-r%C3%A9unis-211955556.html\" data-ylk=\"slk:faire tomber le gouvernement isra\u00e9lien;cpos:1;pos:1;elm:context_link;itc:0;sec:content-canvas;outcm:mb_qualified_link;_E:mb_qualified_link;ct:story;\" class=\"link  yahoo-link\" target=\"_blank\" rel=\"noopener\">faire tomber le gouvernement isra\u00e9lien<\/a> en votant cette semaine pour des \u00e9lections anticip\u00e9es au Parlement, donnant deux jours au chef du gouvernement pour \u00ab\u00a0trouver une solution\u00a0\u00bb \u00e0 ses revendications.<\/p>\n<p>Le gouvernement de <a data-i13n=\"cpos:2;pos:1\" href=\"https:\/\/fr.news.yahoo.com\/premier-ministre-isra%C3%A9lien-benjamin-netanyahu-085416326.html\" data-ylk=\"slk:Benjamin Netanyahu;cpos:2;pos:1;elm:context_link;itc:0;sec:content-canvas;outcm:mb_qualified_link;_E:mb_qualified_link;ct:story;\" class=\"link  yahoo-link\" target=\"_blank\" rel=\"noopener\">Benjamin Netanyahu<\/a>, l&rsquo;un des plus \u00e0 droite de l&rsquo;histoire d&rsquo;Isra\u00ebl, est menac\u00e9 de chuter sur la question du service militaire des juifs ultra-orthodoxes. Ceux-ci b\u00e9n\u00e9ficient depuis des d\u00e9cennies d&rsquo;une exemption de plus en plus mal accept\u00e9e par la soci\u00e9t\u00e9 isra\u00e9lienne alors que le pays est en guerre contre le mouvement islamiste palestinien Hamas \u00e0 Gaza depuis le 7 octobre 2023.<\/p>\n<p>Benjamin Netanyahu doit composer avec une frange de son parti, le Likoud (droite), qui pousse pour une loi visant \u00e0 enr\u00f4ler plus d&rsquo;ultra-orthodoxes et \u00e0 durcir les sanctions contre les insoumis, v\u00e9ritable casus belli pour les partis comme le Shass, qui repr\u00e9sentent les \u00ab\u00a0har\u00e9dim\u00a0\u00bb (\u00ab\u00a0ceux qui craignant Dieu\u00a0\u00bb en h\u00e9breu) et exigent, eux, une loi garantissant durablement leur affranchissement des obligations militaires.<\/p>\n<p>\u00ab\u00a0Nous ne sommes pas heureux de faire tomber un gouvernement de droite, mais nous avons atteint nos limites\u00a0\u00bb, a d\u00e9clar\u00e9 \u00e0 la radio publique Asher Medina, porte-parole de Shass, parti ultra-orthodoxe juif s\u00e9pharade: \u00ab\u00a0S&rsquo;il n&rsquo;y a pas de solution de derni\u00e8re minute (sur la conscription, NDLR), nous voterons la dissolution de la Knesset\u00a0\u00bb (Parlement).<\/p>\n<p>Alliance fragilis\u00e9e<\/p>\n<p>Jeudi, une source au sein de Shass avait indiqu\u00e9 \u00e0 l&rsquo;AFP que le parti mena\u00e7ait de quitter la coalition au pouvoir et exigeait \u00ab\u00a0une solution avant lundi\u00a0\u00bb. L&rsquo;opposition, qui cherche \u00e0 capitaliser sur la fronde des ultraorthodoxes pour faire tomber l&rsquo;ex\u00e9cutif, tente de faire inscrire \u00e0 l&rsquo;ordre du jour de l&rsquo;assembl\u00e9e pl\u00e9ni\u00e8re de mercredi un projet de loi de dissolution du Parlement.<\/p>\n<p>Form\u00e9 en d\u00e9cembre 2022, le gouvernement de Benjamin Netanyahu tient gr\u00e2ce \u00e0 une alliance entre son parti, le Likoud, des formations d&rsquo;extr\u00eame droite, et des partis juifs ultraorthodoxes, dont le d\u00e9part en bloc signifierait la fin du gouvernement.<\/p>\n<p>Selon un sondage publi\u00e9 dans le quotidien de droite Isra\u00ebl Hayom en mars, 85% des juifs isra\u00e9liens soutiennent un changement dans la loi sur la conscription des har\u00e9dim dont 41% en faveur d&rsquo;une loi rendant effectivement obligatoire le service militaire (32 mois pour les hommes) pour tous ceux d&rsquo;entre eux en \u00e2ge de le faire.<\/p>\n<p>Dans le m\u00eame temps, le chef de file de l&rsquo;opposition isra\u00e9lienne de gauche, Ya\u00efr Golan, a appel\u00e9 \u00e0 la fin imm\u00e9diate de <a data-i13n=\"cpos:3;pos:1\" href=\"https:\/\/fr.news.yahoo.com\/pourquoi-isra%C3%ABl-viol%C3%A9-droit-international-090335819.html\" data-ylk=\"slk:la guerre dans la bande de Gaza;cpos:3;pos:1;elm:context_link;itc:0;sec:content-canvas;outcm:mb_qualified_link;_E:mb_qualified_link;ct:story;\" class=\"link  yahoo-link\" target=\"_blank\" rel=\"noopener\">la guerre dans la bande de Gaza<\/a>, et estim\u00e9 que le gouvernement de <a data-i13n=\"cpos:4;pos:1\" href=\"https:\/\/fr.news.yahoo.com\/lieux-communaut%C3%A9-juive-cibl%C3%A9s-%C3%A0-074025580.html\" data-ylk=\"slk:Benjamin Netanyahu;cpos:4;pos:1;elm:context_link;itc:0;sec:content-canvas;outcm:mb_qualified_link;_E:mb_qualified_link;ct:story;\" class=\"link  yahoo-link\" target=\"_blank\" rel=\"noopener\">Benjamin Netanyahu<\/a> ne repr\u00e9sentait plus \u00ab\u00a0la grande majorit\u00e9\u00a0\u00bb des Isra\u00e9liens.<\/p>\n<p>\u00ab\u00a0Aujourd&rsquo;hui, le gouvernement d&rsquo;Isra\u00ebl ne repr\u00e9sente pas la grande majorit\u00e9 des Isra\u00e9liens\u00a0\u00bb, a d\u00e9clar\u00e9 Ya\u00efr Golan, pr\u00e9sident du parti d\u00e9mocrate et ancien chef adjoint de l&rsquo;arm\u00e9e.<\/p>\n<p>\u00ab\u00a0Sauver la d\u00e9mocratie\u00a0\u00bb<\/p>\n<p>Apr\u00e8s plus de 20 mois de guerre d\u00e9clench\u00e9e par l&rsquo;attaque du mouvement islamiste palestinien Hamas sur le sol isra\u00e9lien le 7 octobre 2023, Isra\u00ebl \u00ab\u00a0devrait mettre fin \u00e0 la guerre d\u00e8s que possible\u00a0\u00bb, a d\u00e9clar\u00e9 Ya\u00efr Golan \u00e0 des journalistes.<\/p>\n<p>Son parti, une alliance de formations de gauche, ne dispose que de quatre si\u00e8ges \u00e0 la Knesset (Parlement isra\u00e9lien) qui en compte 120, ce qui en fait l&rsquo;un des plus petits groupes politiques. Mais dans un pays o\u00f9 la formation de coalitions est essentielle pour obtenir une majorit\u00e9 au Parlement, m\u00eame des partis relativement petits peuvent exercer un pouvoir consid\u00e9rable.<\/p>\n<p>Ya\u00efr Golan s&rsquo;est pos\u00e9 en repr\u00e9sentant de \u00ab\u00a0ceux qui veulent sauver la d\u00e9mocratie isra\u00e9lienne (&#8230;) d&rsquo;un avenir corrompu\u00a0\u00bb et de la \u00ab\u00a0vision messianique, nationaliste et extr\u00e9miste d&rsquo;une tr\u00e8s petite faction de la soci\u00e9t\u00e9 isra\u00e9lienne\u00a0\u00bb. Une r\u00e9f\u00e9rence au gouvernement actuel, l&rsquo;un des plus \u00e0 droite de l&rsquo;histoire d&rsquo;Isra\u00ebl.<\/p>\n<p>\u00ab\u00a0La grande majorit\u00e9 souhaite que Isra\u00ebl reste la patrie du peuple juif et soit en m\u00eame temps un \u00c9tat libre, \u00e9galitaire et d\u00e9mocratique\u00a0\u00bb, a-t-il ajout\u00e9.<\/p>\n<p>Selon lui, les Isra\u00e9liens souhaitent aussi pour la plupart la fin imm\u00e9diate de la guerre \u00e0 Gaza, le retour de tous les otages qui y sont encore retenus, et la cr\u00e9ation d&rsquo;une commission d&rsquo;enqu\u00eate sur le 7-Octobre.<\/p>\n<p><a data-i13n=\"cpos:5;pos:1\" href=\"https:\/\/www.bfmtv.com\/international\/moyen-orient\/israel\/nous-avons-atteint-nos-limites-le-gouvernement-de-benjamin-netanyahu-est-il-sur-le-point-de-tomber_AD-202506090602.html#xtor=AL-68\" rel=\"nofollow noopener\" target=\"_blank\" data-ylk=\"slk:Article original publi\u00e9 sur BFMTV.com;cpos:5;pos:1;elm:context_link;itc:0;sec:content-canvas\" class=\"link \">Article original publi\u00e9 sur BFMTV.com<\/a><\/p>\n","protected":false},"excerpt":{"rendered":"Le parti juif ultra-orthodoxe Shass, alli\u00e9 du Premier ministre Benjamin Netanyahu, a menac\u00e9 lundi 9 juin de faire&hellip;\n","protected":false},"author":2,"featured_media":164057,"comment_status":"","ping_status":"","sticky":false,"template":"","format":"standard","meta":{"footnotes":""},"categories":[5],"tags":[11,23327,29683,1011,27,14,12,11737,29684,28],"class_list":{"0":"post-164056","1":"post","2":"type-post","3":"status-publish","4":"format-standard","5":"has-post-thumbnail","7":"category-international","8":"tag-actualites","9":"tag-benjamin-netanyahu","10":"tag-dissolution-du-parlement","11":"tag-fr","12":"tag-france","13":"tag-international","14":"tag-news","15":"tag-projet-de-loi","16":"tag-shass","17":"tag-world"},"share_on_mastodon":{"url":"https:\/\/pubeurope.com\/@fr\/114655345007499684","error":""},"_links":{"self":[{"href":"https:\/\/www.europesays.com\/fr\/wp-json\/wp\/v2\/posts\/164056","targetHints":{"allow":["GET"]}}],"collection":[{"href":"https:\/\/www.europesays.com\/fr\/wp-json\/wp\/v2\/posts"}],"about":[{"href":"https:\/\/www.europesays.com\/fr\/wp-json\/wp\/v2\/types\/post"}],"author":[{"embeddable":true,"href":"https:\/\/www.europesays.com\/fr\/wp-json\/wp\/v2\/users\/2"}],"replies":[{"embeddable":true,"href":"https:\/\/www.europesays.com\/fr\/wp-json\/wp\/v2\/comments?post=164056"}],"version-history":[{"count":0,"href":"https:\/\/www.europesays.com\/fr\/wp-json\/wp\/v2\/posts\/164056\/revisions"}],"wp:featuredmedia":[{"embeddable":true,"href":"https:\/\/www.europesays.com\/fr\/wp-json\/wp\/v2\/media\/164057"}],"wp:attachment":[{"href":"https:\/\/www.europesays.com\/fr\/wp-json\/wp\/v2\/media?parent=164056"}],"wp:term":[{"taxonomy":"category","embeddable":true,"href":"https:\/\/www.europesays.com\/fr\/wp-json\/wp\/v2\/categories?post=164056"},{"taxonomy":"post_tag","embeddable":true,"href":"https:\/\/www.europesays.com\/fr\/wp-json\/wp\/v2\/tags?post=164056"}],"curies":[{"name":"wp","href":"https:\/\/api.w.org\/{rel}","templated":true}]}}