{"id":164059,"date":"2025-06-09T20:42:12","date_gmt":"2025-06-09T20:42:12","guid":{"rendered":"https:\/\/www.europesays.com\/fr\/164059\/"},"modified":"2025-06-09T20:42:12","modified_gmt":"2025-06-09T20:42:12","slug":"une-vague-de-chaleur-envisagee-cette-semaine-avec-des-temperatures-tres-elevees-attendues","status":"publish","type":"post","link":"https:\/\/www.europesays.com\/fr\/164059\/","title":{"rendered":"une \u00ab\u00a0vague de chaleur\u00a0\u00bb envisag\u00e9e cette semaine avec des temp\u00e9ratures tr\u00e8s \u00e9lev\u00e9es attendues"},"content":{"rendered":"<p>        <img decoding=\"async\" loading=\"lazy\" src=\"https:\/\/www.europesays.com\/fr\/wp-content\/uploads\/2025\/06\/ad03c25_sirius-fs-upload-1-ybjjixx5yoxw-1749486311705-000-36642z8.jpg\"  width=\"728\" height=\"410\" alt=\"A Bordeaux, o\u00f9 des personnes cherchent ici \u00e0 se rafraichir en juillet 2024, les temp\u00e9ratures pourraient atteindre les 34\u00a0degr\u00e9s ce mercredi 11\u00a0juin.\"\/>  <\/p>\n<p>PHILIPPE LOPEZ \/ AFP<\/p>\n<p>A Bordeaux, o\u00f9 des personnes cherchent ici \u00e0 se rafraichir en juillet 2024, les temp\u00e9ratures pourraient atteindre les 34\u00a0degr\u00e9s ce mercredi 11\u00a0juin.<\/p>\n<p class=\"asset asset-text\">METEO &#8211; Pr\u00e9parez les casquettes, les bouteilles d\u2019eau et les espaces au frais\u00a0: apr\u00e8s un week-end de Pentec\u00f4te au <a href=\"https:\/\/www.huffingtonpost.fr\/france\/article\/meteo-un-episode-orageux-arrive-sur-l-auvergne-rhone-alpes-7-departements-en-vigilance-orange_251016.html\" rel=\"nofollow noopener\" target=\"_blank\">temps maussade<\/a> sur une bonne partie du pays, de<a href=\"https:\/\/www.huffingtonpost.fr\/france\/article\/meteo-il-n-a-jamais-fait-aussi-chaud-en-mai-dans-ces-nombreuses-villes-de-france_250720.html\" rel=\"nofollow noopener\" target=\"_blank\"> tr\u00e8s fortes chaleurs<\/a> vont s\u2019\u00e9craser sur la France \u00e0 partir de ce mardi 10\u00a0juin. Et ce, jusqu\u2019\u00e0 la fin de la semaine, comme le pr\u00e9venait d\u00e9j\u00e0 M\u00e9t\u00e9o France dans son bulletin du vendredi 6\u00a0juin dernier en pr\u00e9sentant une \u00ab\u00a0semaine anticyclonique et chaude\u00a0\u00bb et de \u00ab\u00a0fortes chaleurs\u00a0\u00bb \u00e0 venir sur l\u2019Hexagone.<\/p>\n<p class=\"asset asset-text\">En cause, on retrouve un ph\u00e9nom\u00e8ne de \u00ab\u00a0goutte froide\u00a0\u00bb, au large du Portugal, qui provoque un effet de pompe \u00e0 chaleur et fait remonter de l\u2019air tr\u00e8s chaud venu d\u2019Afrique. Avec des effets qui devraient commencer \u00e0 bien se ressentir d\u00e8s ce mardi 10\u00a0juin.<\/p>\n<p class=\"asset asset-text\">M\u00e9t\u00e9o France pr\u00e9voit ainsi pour ce mardi une \u00ab\u00a0journ\u00e9e largement ensoleill\u00e9e et estivale\u00a0\u00bb sur une majeure partie du pays, avec des maximales qui atteignent \u00ab\u00a017 \u00e0 22 degr\u00e9s du nord de la Bretagne jusqu\u2019\u00e0 la fronti\u00e8re belge, 23 \u00e0 28 degr\u00e9s du sud de la Bretagne et le nord de la Loire jusqu\u2019\u00e0 l\u2019\u00cele-de-France\u00a0\u00bb, ou encore de 28\u00a0\u00e0 33\u00a0degr\u00e9s sur toute la partie sud du pays.<\/p>\n<p>    Des risques orageux    <\/p>\n<p class=\"asset asset-text\">Mais c\u2019est surtout \u00e0 partir de ce mercredi 11\u00a0juin que les temp\u00e9ratures devraient nettement grimper. Toujours selon M\u00e9t\u00e9o France, les temp\u00e9ratures pourraient atteindre 34\u00a0degr\u00e9s dans le Sud-Ouest, notamment autour de Bordeaux. Il pourrait \u00e9galement faire jusqu\u2019\u00e0 31\u00a0degr\u00e9s \u00e0 Nantes, ou 30\u00a0degr\u00e9s \u00e0 Rennes. Presque l\u2019ensemble du territoire d\u00e9passera les 25\u00a0degr\u00e9s voire les 30\u00a0degr\u00e9s, soit des temp\u00e9ratures d\u2019une dizaine de degr\u00e9s sup\u00e9rieures aux normales de saison.<\/p>\n<p> La lecture de ce contenu est susceptible d\u2019entra\u00eener un d\u00e9p\u00f4t de cookies de la part de l\u2019op\u00e9rateur tiers qui l\u2019h\u00e9berge. Compte-tenu des choix que vous avez exprim\u00e9s en mati\u00e8re de d\u00e9p\u00f4t de cookies, nous avons bloqu\u00e9 l\u2019affichage de ce contenu. Si vous souhaitez y acc\u00e9der, vous devez accepter la cat\u00e9gorie de cookies \u201cContenus tiers\u201d en cliquant sur le bouton ci-dessous. <\/p>\n<p> Lire la Vid\u00e9o        <\/p>\n<p class=\"asset asset-text\">Ce jeudi 12\u00a0juin, les fortes chaleurs quitteront le Sud-Ouest pour s\u2019installer en Auvergne-Rh\u00f4ne-Alpes et en Bourgogne-Franche-Comt\u00e9, avec des temp\u00e9ratures d\u00e9passant l\u00e0 aussi largement les 30\u00a0degr\u00e9s. Enfin, vendredi 13\u00a0juin, c\u2019est notamment Paris qui pourrait \u00eatre concern\u00e9 par une chaleur \u00e9crasante, avec une temp\u00e9rature attendue autour des 32-33\u00a0degr\u00e9s dans la capitale et ses alentours.<\/p>\n<p class=\"asset asset-text\">Sans surprise, ces fortes temp\u00e9ratures devraient \u00e9galement s\u2019accompagner de ph\u00e9nom\u00e8nes orageux. M\u00e9t\u00e9o France pr\u00e9voit pour l\u2019instant des risques d\u2019orages dans le Sud-Ouest \u00e0 partir de ce mercredi 11\u00a0juin, soit l\u00e0 o\u00f9 les fortes temp\u00e9ratures devraient frapper en premier.<\/p>\n<p class=\"asset asset-text\">D\u2019autres \u00e9pisodes orageux pourraient \u00e9galement toucher le territoire \u00e0 partir de ce jeudi et jusqu\u2019\u00e0 ce week-end, m\u00eame si les pr\u00e9visions restent pour l\u2019instant lointaines et approximatives. Une chose est en tout cas s\u00fbre\u00a0: les temp\u00e9ratures seront bien plus hautes que ce que l\u2019on conna\u00eet normalement \u00e0 cette p\u00e9riode de l\u2019ann\u00e9e. On pourrait se rapprocher de la premi\u00e8re \u00ab\u00a0vague de chaleur\u00a0\u00bb de l\u2019ann\u00e9e 2025\u00a0en France, si les pr\u00e9visions s\u2019av\u00e8rent justes.<\/p>\n","protected":false},"excerpt":{"rendered":"PHILIPPE LOPEZ \/ AFP A Bordeaux, o\u00f9 des personnes cherchent ici \u00e0 se rafraichir en juillet 2024, les&hellip;\n","protected":false},"author":2,"featured_media":164060,"comment_status":"","ping_status":"","sticky":false,"template":"","format":"standard","meta":{"footnotes":""},"categories":[2],"tags":[11,1011,27,2487,2357,12,2119,15637],"class_list":{"0":"post-164059","1":"post","2":"type-post","3":"status-publish","4":"format-standard","5":"has-post-thumbnail","7":"category-actualites","8":"tag-actualites","9":"tag-fr","10":"tag-france","11":"tag-meteo","12":"tag-meteo-france","13":"tag-news","14":"tag-previsions-meteo","15":"tag-vague-de-chaleur"},"share_on_mastodon":{"url":"https:\/\/pubeurope.com\/@fr\/114655352866973448","error":""},"_links":{"self":[{"href":"https:\/\/www.europesays.com\/fr\/wp-json\/wp\/v2\/posts\/164059","targetHints":{"allow":["GET"]}}],"collection":[{"href":"https:\/\/www.europesays.com\/fr\/wp-json\/wp\/v2\/posts"}],"about":[{"href":"https:\/\/www.europesays.com\/fr\/wp-json\/wp\/v2\/types\/post"}],"author":[{"embeddable":true,"href":"https:\/\/www.europesays.com\/fr\/wp-json\/wp\/v2\/users\/2"}],"replies":[{"embeddable":true,"href":"https:\/\/www.europesays.com\/fr\/wp-json\/wp\/v2\/comments?post=164059"}],"version-history":[{"count":0,"href":"https:\/\/www.europesays.com\/fr\/wp-json\/wp\/v2\/posts\/164059\/revisions"}],"wp:featuredmedia":[{"embeddable":true,"href":"https:\/\/www.europesays.com\/fr\/wp-json\/wp\/v2\/media\/164060"}],"wp:attachment":[{"href":"https:\/\/www.europesays.com\/fr\/wp-json\/wp\/v2\/media?parent=164059"}],"wp:term":[{"taxonomy":"category","embeddable":true,"href":"https:\/\/www.europesays.com\/fr\/wp-json\/wp\/v2\/categories?post=164059"},{"taxonomy":"post_tag","embeddable":true,"href":"https:\/\/www.europesays.com\/fr\/wp-json\/wp\/v2\/tags?post=164059"}],"curies":[{"name":"wp","href":"https:\/\/api.w.org\/{rel}","templated":true}]}}