{"id":16406,"date":"2025-04-11T03:12:26","date_gmt":"2025-04-11T03:12:26","guid":{"rendered":"https:\/\/www.europesays.com\/fr\/16406\/"},"modified":"2025-04-11T03:12:26","modified_gmt":"2025-04-11T03:12:26","slug":"des-livres-pour-enfants-de-lart-de-se-poser-des-questions-quand-on-a-6-7-ans","status":"publish","type":"post","link":"https:\/\/www.europesays.com\/fr\/16406\/","title":{"rendered":"Des livres pour enfants: de l&rsquo;art de se poser des questions quand on a 6-7 ans"},"content":{"rendered":"<p>    Publi\u00e9 le 09 avril 2025 \u00e0 16:19. \/ Modifi\u00e9 le 09 avril 2025 \u00e0 18:11.<\/p>\n<p> 2 min. de lecture<\/p>\n<p>    L&rsquo;esprit su\u00e9dois<\/p>\n<p>Deux s\u0153urs dialoguent. La petite ne comprend ni n\u2019admet ne pas avoir exist\u00e9 avant sa s\u0153ur. Car o\u00f9 \u00e9tait-elle alors? Elle d\u00e9cide d\u2019inverser les r\u00f4les: elle \u00e9tait dans un arbre \u00e0 espionner son p\u00e8re, sa m\u00e8re et sa \u00abpetite\u00bb s\u0153ur, quand, paf!, elle est tomb\u00e9e sur eux. L\u2019a\u00een\u00e9e tente de la raisonner, \u00e0 sa mani\u00e8re car elle n\u2019est pas bien grande elle-m\u00eame. Sous l\u2019\u0153il de la maman qui n\u2019en perd pas une miette, les s\u0153urs continuent de se chamailler. La grande avance que jusqu\u2019\u00e0 sa mort, quand elle aura 100 ans, elle sera toujours la plus grande. La mort\u2026 La mort les s\u00e9parerait? Inconcevable: quand elles auront 100 ans, elles feront le cochon pendu ensemble. Un sens aigu de l\u2019observation des enfants, de l\u2019humour et cet esprit su\u00e9dois dont on ne se lasse pas.<\/p>\n","protected":false},"excerpt":{"rendered":"Publi\u00e9 le 09 avril 2025 \u00e0 16:19. \/ Modifi\u00e9 le 09 avril 2025 \u00e0 18:11. 2 min. de&hellip;\n","protected":false},"author":2,"featured_media":16407,"comment_status":"","ping_status":"","sticky":false,"template":"","format":"standard","meta":{"footnotes":""},"categories":[1357],"tags":[1379,58,59,1011,27,1380,301],"class_list":{"0":"post-16406","1":"post","2":"type-post","3":"status-publish","4":"format-standard","5":"has-post-thumbnail","7":"category-livres","8":"tag-books","9":"tag-divertissement","10":"tag-entertainment","11":"tag-fr","12":"tag-france","13":"tag-livres","14":"tag-premium"},"share_on_mastodon":{"url":"https:\/\/pubeurope.com\/@fr\/114317147727951152","error":""},"_links":{"self":[{"href":"https:\/\/www.europesays.com\/fr\/wp-json\/wp\/v2\/posts\/16406","targetHints":{"allow":["GET"]}}],"collection":[{"href":"https:\/\/www.europesays.com\/fr\/wp-json\/wp\/v2\/posts"}],"about":[{"href":"https:\/\/www.europesays.com\/fr\/wp-json\/wp\/v2\/types\/post"}],"author":[{"embeddable":true,"href":"https:\/\/www.europesays.com\/fr\/wp-json\/wp\/v2\/users\/2"}],"replies":[{"embeddable":true,"href":"https:\/\/www.europesays.com\/fr\/wp-json\/wp\/v2\/comments?post=16406"}],"version-history":[{"count":0,"href":"https:\/\/www.europesays.com\/fr\/wp-json\/wp\/v2\/posts\/16406\/revisions"}],"wp:featuredmedia":[{"embeddable":true,"href":"https:\/\/www.europesays.com\/fr\/wp-json\/wp\/v2\/media\/16407"}],"wp:attachment":[{"href":"https:\/\/www.europesays.com\/fr\/wp-json\/wp\/v2\/media?parent=16406"}],"wp:term":[{"taxonomy":"category","embeddable":true,"href":"https:\/\/www.europesays.com\/fr\/wp-json\/wp\/v2\/categories?post=16406"},{"taxonomy":"post_tag","embeddable":true,"href":"https:\/\/www.europesays.com\/fr\/wp-json\/wp\/v2\/tags?post=16406"}],"curies":[{"name":"wp","href":"https:\/\/api.w.org\/{rel}","templated":true}]}}