{"id":164082,"date":"2025-06-09T20:58:16","date_gmt":"2025-06-09T20:58:16","guid":{"rendered":"https:\/\/www.europesays.com\/fr\/164082\/"},"modified":"2025-06-09T20:58:16","modified_gmt":"2025-06-09T20:58:16","slug":"pour-la-liberation-du-bateau-humanitaire-en-route-pour-gaza-des-centaines-de-manifestants-defilent-dans-les-rues-de-rennes-en-images","status":"publish","type":"post","link":"https:\/\/www.europesays.com\/fr\/164082\/","title":{"rendered":"Pour la lib\u00e9ration du bateau humanitaire en route pour Gaza, des centaines de manifestants d\u00e9filent dans les rues de Rennes [En Images]"},"content":{"rendered":"<p>L\u2019appel avait \u00e9t\u00e9 lanc\u00e9 dans la journ\u00e9e de ce lundi 9 juin, alors que l\u2019\u00e9quipage de la \u00ab Flottille de la libert\u00e9 \u00bb ne donnait plus de nouvelles. Douze militants, dont l\u2019eurod\u00e9put\u00e9e insoumise Rima Hassan et la militante \u00e9cologiste Greta Thunberg, \u00e9taient \u00e0 bord de ce bateau, le Madleen, en direction de la bande de Gaza. L\u2019\u00e9quipage a \u00e9t\u00e9 intercept\u00e9 et arr\u00eat\u00e9 pendant la nuit par le gouvernement isra\u00e9lien. Lequel a depuis annonc\u00e9 que le groupe serait d\u2019abord plac\u00e9 en centre de d\u00e9tention avant d\u2019\u00eatre expuls\u00e9.<\/p>\n<p>\u00c0 Rennes, \u00e0 18 h, ils sont plusieurs centaines &#8211; 2 000 \u00e0 2 500 selon les organisateurs &#8211; \u00e0 se r\u00e9unir sur la place de la mairie. Autour d\u2019un grand drapeau palestinien d\u00e9ploy\u00e9 au sol, les manifestants \u00e9coutent, le visage grave, les prises de parole qui s\u2019encha\u00eenent. Plusieurs organisations ont r\u00e9pondu pr\u00e9sentes. Association France-Palestine solidarit\u00e9, CGT, Sud, R\u00e9volution permanente, NPA\u2026 Mais aussi France insoumise, repr\u00e9sent\u00e9e par les deux d\u00e9put\u00e9es d\u2019Ille-et-Vilaine Mathilde Hignet et Marie Mesmeur.<\/p>\n<p>Apr\u00e8s le rassemblement, une manifestation dans le centre de Rennes<\/p>\n<p>\u00ab Rima, Greta et les dix autres militants risquent leur vie, tonne cette derni\u00e8re au micro. Pas seulement parce qu\u2019ils ont pris la mer pour se rendre sur un territoire bombard\u00e9 en permanence par une arm\u00e9e g\u00e9nocidaire, mais aussi parce que ces m\u00eames sauvages les qualifient de militantes antis\u00e9mites pour l\u00e9gitimer leur violence. \u00bb L\u2019\u00e9lue d\u00e9nonce au passage l\u2019inaction d\u2019Emmanuel Macron. \u00ab Nous en sommes l\u00e0 parce que l\u2019arm\u00e9e et le gouvernement d\u2019extr\u00eame droite de Netanyahou ne respectent rien. Parce qu\u2019un blocus humanitaire encercle la Palestine et provoque famine, maladie, souffrance et tellement de morts. \u00bb<\/p>\n<p>Au-del\u00e0 de la lib\u00e9ration de l\u2019\u00e9quipage, c\u2019est bien pour l\u2019arr\u00eat de la guerre en cours que les manifestants se r\u00e9unissent. En t\u00e9moignent les pancartes et les slogans : \u00ab Stop g\u00e9nocide \u00bb, \u00ab Isra\u00ebl doit respecter le droit international \u00bb, \u00ab Laissez entrer l\u2019aide \u00e0 Gaza \u00bb, lit-on dans l\u2019assistance h\u00e9t\u00e9roclite. Peu avant 19 h 30, des centaines de personnes partent, dans le calme, d\u00e9filer dans le centre historique de Rennes, au cri de \u00ab Macron complice, Isra\u00ebl assassin \u00bb. Et se donnent rendez-vous pour une nouvelle manifestation, ce samedi.<\/p>\n","protected":false},"excerpt":{"rendered":"L\u2019appel avait \u00e9t\u00e9 lanc\u00e9 dans la journ\u00e9e de ce lundi 9 juin, alors que l\u2019\u00e9quipage de la \u00ab&hellip;\n","protected":false},"author":2,"featured_media":164083,"comment_status":"","ping_status":"","sticky":false,"template":"","format":"standard","meta":{"footnotes":""},"categories":[2821],"tags":[1111,11,829,765,1777,674,1011,27,2088,12,3364,584,25,801],"class_list":{"0":"post-164082","1":"post","2":"type-post","3":"status-publish","4":"format-standard","5":"has-post-thumbnail","7":"category-rennes","8":"tag-actu","9":"tag-actualites","10":"tag-bretagne","11":"tag-en-continu","12":"tag-eu","13":"tag-europe","14":"tag-fr","15":"tag-france","16":"tag-manifestation","17":"tag-news","18":"tag-politique-a-rennes","19":"tag-rennes","20":"tag-republique-francaise","21":"tag-social"},"share_on_mastodon":{"url":"https:\/\/pubeurope.com\/@fr\/114655416334125532","error":""},"_links":{"self":[{"href":"https:\/\/www.europesays.com\/fr\/wp-json\/wp\/v2\/posts\/164082","targetHints":{"allow":["GET"]}}],"collection":[{"href":"https:\/\/www.europesays.com\/fr\/wp-json\/wp\/v2\/posts"}],"about":[{"href":"https:\/\/www.europesays.com\/fr\/wp-json\/wp\/v2\/types\/post"}],"author":[{"embeddable":true,"href":"https:\/\/www.europesays.com\/fr\/wp-json\/wp\/v2\/users\/2"}],"replies":[{"embeddable":true,"href":"https:\/\/www.europesays.com\/fr\/wp-json\/wp\/v2\/comments?post=164082"}],"version-history":[{"count":0,"href":"https:\/\/www.europesays.com\/fr\/wp-json\/wp\/v2\/posts\/164082\/revisions"}],"wp:featuredmedia":[{"embeddable":true,"href":"https:\/\/www.europesays.com\/fr\/wp-json\/wp\/v2\/media\/164083"}],"wp:attachment":[{"href":"https:\/\/www.europesays.com\/fr\/wp-json\/wp\/v2\/media?parent=164082"}],"wp:term":[{"taxonomy":"category","embeddable":true,"href":"https:\/\/www.europesays.com\/fr\/wp-json\/wp\/v2\/categories?post=164082"},{"taxonomy":"post_tag","embeddable":true,"href":"https:\/\/www.europesays.com\/fr\/wp-json\/wp\/v2\/tags?post=164082"}],"curies":[{"name":"wp","href":"https:\/\/api.w.org\/{rel}","templated":true}]}}