{"id":164088,"date":"2025-06-09T21:01:09","date_gmt":"2025-06-09T21:01:09","guid":{"rendered":"https:\/\/www.europesays.com\/fr\/164088\/"},"modified":"2025-06-09T21:01:09","modified_gmt":"2025-06-09T21:01:09","slug":"sommet-de-locean-balade-au-clair-de-lune-sur-la-prom-et-chambre-a-lanantara-pour-le-couple-macron","status":"publish","type":"post","link":"https:\/\/www.europesays.com\/fr\/164088\/","title":{"rendered":"Sommet de l\u2019oc\u00e9an: balade au clair de lune sur la Prom\u2019 et chambre \u00e0 l\u2019Anantara pour le couple Macron"},"content":{"rendered":"<p><a href=\"https:\/\/www.nicematin.com\/people\/sommet-de-l-ocean-les-dessous-du-diner-des-chefs-d-etat-au-negresco-989475\" rel=\"nofollow noopener\" target=\"_blank\">Fin de d\u00eener<\/a> sur les coups de 23h30 pour la plupart des 63 chefs d\u2019\u00c9tat et de gouvernement convi\u00e9s, dimanche soir, \u00e0 la table de 24m\u00e8tres de long qu\u2019Emmanuel Macron avait tout sp\u00e9cialement fait dresser pour eux au Negresco. La premi\u00e8re dame fran\u00e7aise n\u2019y a pas d\u00e9rog\u00e9.<\/p>\n<p>Sauf que c\u2019est \u00e0 pied que Brigitte Macron a choisi de regagner son h\u00f4tel. L\u2019\u00e9pouse du chef de l\u2019\u00c9tat s\u2019est offert une balade au clair de lune pour rejoindre son h\u00f4tel&#8230; Par la Promenade des Anglais. Seule, ou du moins sans Emmanuel Macron. Une dizaine de gardes du corps encadraient tout de m\u00eame sa d\u00e9ambulation nocturne.<\/p>\n<p>Le pr\u00e9sident fran\u00e7ais, lui, a jou\u00e9 les prolongations une demi-heure de plus. Accompagn\u00e9 pour sa part de son homologue costaricain, co-organisateur de ce sommet, Rodrigo Chaves Robles, et du secr\u00e9taire g\u00e9n\u00e9ral de l\u2019ONU, Antonio Guterres. Peut-\u00eatre en ont-ils profit\u00e9 pour peaufiner les derniers d\u00e9tails de la c\u00e9r\u00e9monie d\u2019ouverture de cette troisi\u00e8me conf\u00e9rence onusienne sur l\u2019Oc\u00e9an qu\u2019ils s\u2019appr\u00eataient \u00e0 ouvrir quelques heures plus tard. Emmanuel Macron a finalement pouss\u00e9 la porte du Chantecler. Pour s\u2019engouffrer quant \u00e0 lui dans une voiture. Et rejoindre la premi\u00e8re dame&#8230; \u00e0 l\u2019Anantara.<\/p>\n<p>Il se murmure que le couple pr\u00e9sidentiel fran\u00e7ais a pos\u00e9 ses valises dans une des chambres de l\u2019ex Plaza, rue de Verdun, qui vient d\u2019\u00eatre enti\u00e8rement r\u00e9nov\u00e9. Au nez et \u00e0 la barbe des centaines de journalistes du monde entier qui ce lundi \u00e9taient invit\u00e9s \u00e0 venir y retirer leurs pr\u00e9cieuses accr\u00e9ditations pour couvrir cette troisi\u00e8me Conf\u00e9rence des Nations Unies sur l\u2019Oc\u00e9an.<\/p>\n","protected":false},"excerpt":{"rendered":"Fin de d\u00eener sur les coups de 23h30 pour la plupart des 63 chefs d\u2019\u00c9tat et de gouvernement&hellip;\n","protected":false},"author":2,"featured_media":164089,"comment_status":"","ping_status":"","sticky":false,"template":"","format":"standard","meta":{"footnotes":""},"categories":[2819],"tags":[1111,11,1777,674,1011,27,1757,12,2401,882,25],"class_list":{"0":"post-164088","1":"post","2":"type-post","3":"status-publish","4":"format-standard","5":"has-post-thumbnail","7":"category-nice","8":"tag-actu","9":"tag-actualites","10":"tag-eu","11":"tag-europe","12":"tag-fr","13":"tag-france","14":"tag-insolite","15":"tag-news","16":"tag-nice","17":"tag-provence-alpes-cote-dazur","18":"tag-republique-francaise"},"share_on_mastodon":{"url":"https:\/\/pubeurope.com\/@fr\/114655427497888380","error":""},"_links":{"self":[{"href":"https:\/\/www.europesays.com\/fr\/wp-json\/wp\/v2\/posts\/164088","targetHints":{"allow":["GET"]}}],"collection":[{"href":"https:\/\/www.europesays.com\/fr\/wp-json\/wp\/v2\/posts"}],"about":[{"href":"https:\/\/www.europesays.com\/fr\/wp-json\/wp\/v2\/types\/post"}],"author":[{"embeddable":true,"href":"https:\/\/www.europesays.com\/fr\/wp-json\/wp\/v2\/users\/2"}],"replies":[{"embeddable":true,"href":"https:\/\/www.europesays.com\/fr\/wp-json\/wp\/v2\/comments?post=164088"}],"version-history":[{"count":0,"href":"https:\/\/www.europesays.com\/fr\/wp-json\/wp\/v2\/posts\/164088\/revisions"}],"wp:featuredmedia":[{"embeddable":true,"href":"https:\/\/www.europesays.com\/fr\/wp-json\/wp\/v2\/media\/164089"}],"wp:attachment":[{"href":"https:\/\/www.europesays.com\/fr\/wp-json\/wp\/v2\/media?parent=164088"}],"wp:term":[{"taxonomy":"category","embeddable":true,"href":"https:\/\/www.europesays.com\/fr\/wp-json\/wp\/v2\/categories?post=164088"},{"taxonomy":"post_tag","embeddable":true,"href":"https:\/\/www.europesays.com\/fr\/wp-json\/wp\/v2\/tags?post=164088"}],"curies":[{"name":"wp","href":"https:\/\/api.w.org\/{rel}","templated":true}]}}