{"id":164090,"date":"2025-06-09T21:02:09","date_gmt":"2025-06-09T21:02:09","guid":{"rendered":"https:\/\/www.europesays.com\/fr\/164090\/"},"modified":"2025-06-09T21:02:09","modified_gmt":"2025-06-09T21:02:09","slug":"lespace-est-le-meilleur-partenaire-de-locean-pour-la-recherche-a-nice-le-regard-tres-spatial-de-thomas-pesquet-sur-letat-de-notre-planete-bleue","status":"publish","type":"post","link":"https:\/\/www.europesays.com\/fr\/164090\/","title":{"rendered":"\u00ab\u00a0L\u2019espace est le meilleur partenaire de l\u2019oc\u00e9an pour la recherche\u00a0\u00bb: \u00e0 Nice, le regard tr\u00e8s spatial de Thomas Pesquet sur l\u2019\u00e9tat de notre plan\u00e8te bleue"},"content":{"rendered":"<p><strong>Vous \u00eates invit\u00e9 \u00e0 l\u2019UNOC par Space4Ocean, alliance entre les acteurs du secteur spatial et du monde marin. Y a-t-il un grand \u00e9cart ou un pont naturel entre ces deux mondes myst\u00e9rieux?<\/strong><\/p>\n<p>Je les vois comme miroirs l\u2019un de l\u2019autre. Ce sont des milieux difficiles d\u2019acc\u00e8s, assez peu connus au final &#8211; on n\u2019a pas encore cartographi\u00e9 70% du fond des oc\u00e9ans &#8211; et qui invitent \u00e0 la r\u00eaverie, au romantisme. Je vois beaucoup de parall\u00e8les entre mon aventure dans l\u2019espace et ce que font les navigateurs ou les scientifiques. Une station spatiale, c\u2019est un sous-marin \u00e0 l\u2019envers! Or aujourd\u2019hui, on voit bien que le meilleur partenaire de l\u2019oc\u00e9an pour la recherche scientifique, c\u2019est l\u2019espace, puisqu\u2019on peut mesurer pr\u00e9cis\u00e9ment ce qui se passe partout dans le monde gr\u00e2ce \u00e0 notre flotte de satellites. On a vraiment tout \u00e0 gagner \u00e0 \u00e9changer des donn\u00e9es et \u00e0 travailler ensemble.<\/p>\n<p><strong>Quand on arrive l\u00e0-haut, l\u2019importance vitale de l\u2019oc\u00e9an saute aux yeux?<\/strong><\/p>\n<p>C\u2019est la premi\u00e8re chose que j\u2019ai vue. Les cartes ne rendent pas justice \u00e0 l\u2019oc\u00e9an. Mais quand on regarde une mappemonde ou qu\u2019on a la chance d\u2019aller dans l\u2019espace, cela saute aux yeux qu\u2019on a une plan\u00e8te d\u2019eau. \u00e9tant des animaux terriens, on conna\u00eet tr\u00e8s mal ce qui se passe dans les oc\u00e9ans. On sait pourtant que leur r\u00f4le dans le climat est essentiel, notamment en tant que puits de carbone.<\/p>\n<p><strong>De 2017 \u00e0 2021 et d\u2019une mission ISS \u00e0 l\u2019autre, avez-vous observ\u00e9 l\u2019impact du r\u00e9chauffement climatique, notamment sur la fonte des glaces?<\/strong><\/p>\n<p>Il m\u2019a sembl\u00e9 le voir, oui. Il faut toujours faire attention et confirmer cela avec l\u2019analyse scientifique rigoureuse. Le fait est que les deux concordent. J\u2019ai surtout vu les ouragans, signes du r\u00e9chauffement des eaux, se former l\u2019un apr\u00e8s l\u2019autre dans le golfe du Mexique &#8211; une v\u00e9ritable usine \u00e0 ouragans! Les m\u00e9ga-feux aussi sont, malheureusement, devenus presque une routine. Des fum\u00e9es sont mont\u00e9es quasiment jusque dans la stratosph\u00e8re; on voyait comme un voile gris sur cette bulle de savon qu\u2019est l\u2019atmosph\u00e8re&#8230;<\/p>\n<p><strong>Quand on va l\u00e0 o\u00f9 si peu d\u2019hommes sont all\u00e9s, qu\u2019on peut voir la beaut\u00e9 et la fragilit\u00e9 de notre plan\u00e8te, on devient naturellement un lanceur d\u2019alerte climatique?<\/strong><\/p>\n<p>Est-ce naturel ou est-ce une sensibilit\u00e9 qui a \u00e9t\u00e9 exacerb\u00e9e? Il faut sans doute un terreau fertile&#8230; Quand on observe la plan\u00e8te jour apr\u00e8s jour sur une mission de six mois, puis une deuxi\u00e8me, une relation se cr\u00e9e entre soi et cette plan\u00e8te.<\/p>\n<p><strong>Comment concilier votre conscience \u00e9cologique et un job avec un lourd bilan carbone?<\/strong><\/p>\n<p>Je me suis beaucoup pos\u00e9 la question, et on me l\u2019a l\u00e9gitimement pos\u00e9e. Il y a une sorte d\u2019ironie. La fus\u00e9e, c\u2019est un peu le sommet de la pyramide de la civilisation carbon\u00e9e. Mais sans fus\u00e9es ni satellites, on n\u2019aurait pas pu mesurer les variables climatiques qui permettent au GIEC de conclure au r\u00e9chauffement! J\u2019en parlais avec Jancovici [Jean-Marc, ing\u00e9nieur conf\u00e9rencier sp\u00e9cialiste des questions de climat, ndlr]. Il parle de sobri\u00e9t\u00e9 \u00e0 avoir. Mais il y aura aussi des choix de soci\u00e9t\u00e9 \u00e0 faire.<\/p>\n<p><strong>Vous avez plong\u00e9 par 120m\u00e8tres de fond avec le photographe et biologiste Laurent Ballesta pour observer les anneaux marins du cap Corse et des Agriates. Une autre forme d\u2019exploration?<\/strong><\/p>\n<p>C\u2019est exactement la m\u00eame chose. On se met dans un milieu dangereux, on g\u00e8re \u00e7a comme une exp\u00e9dition. J\u2019ai ador\u00e9 plonger avec Laurent. En plus, on s\u2019est fait une petite frayeur, on a eu un peu de casse, c\u2019\u00e9tait assez rigolo. Il y a plein d\u2019aventures \u00e0 faire sur Terre!<\/p>\n<p><strong>Vous avez accept\u00e9 de parrainer la Tara Polar Station, un \u00ab\u00a0OVNI de la science\u00a0\u00bb selon vous, qui va accueillir des \u00e9quipes dans l\u2019Arctique pendant de longs mois. C\u2019est \u00ab\u00a0ISS on ice\u00a0\u00bb?<\/strong><\/p>\n<p>\u00ab\u00a0ISS on ice\u00a0\u00bb, la formule est top! Ils vont se faire prendre par les glaces pour r\u00e9aliser leur programme dans ce milieu difficile, qui est le plus similaire au milieu spatial: temp\u00e9ratures extr\u00eames, vie en autarcie&#8230; Si on va dans ces zones extr\u00eames polaires, c\u2019est parce qu\u2019elles subissent le changement climatique plus intens\u00e9ment qu\u2019ailleurs. Cela annonce un peu ce qui va nous arriver. Si on d\u00e9r\u00e8gle ces zones-l\u00e0, le d\u00e9r\u00e8glement s\u2019acc\u00e9l\u00e8re. C\u2019est donc important de les pr\u00e9server. Et puis, petit cocorico, c\u2019est la seule station polaire du monde!<\/p>\n<p><strong>L\u2019Arctique est convoit\u00e9 pour l\u2019exploitation mini\u00e8re des fonds marins, d\u00e9nonc\u00e9e par Greenpeace qui a affr\u00e9t\u00e9 l\u2019Arctic Sunrise \u00e0 Nice&#8230;<\/strong><\/p>\n<p>On est toujours pris entre nos id\u00e9aux et la r\u00e9alit\u00e9. C\u2019est important de l\u00e9gif\u00e9rer, d\u2019encadrer. Et cela se fait \u00e0 l\u2019\u00e9chelle internationale. C\u2019est pourquoi les pays se rencontrent. On a parfois l\u2019impression que la montagne accouche d\u2019une souris. Mais si \u00e7a n\u2019existait pas, ce serait le far-west! Et on ne peut pas se le permettre, car les int\u00e9r\u00eats priv\u00e9s prennent toujours le pas sur les int\u00e9r\u00eats communs. C\u2019est important d\u2019avoir des forums pour limiter cette tendance de l\u2019esp\u00e8ce humaine \u00e0 penser au court terme plut\u00f4t qu\u2019au long terme.<\/p>\n<p><strong>L\u2019administration Trump veut tailler de 25% le budget de la NASA. Est-ce une catastrophe pour l\u2019exploration spatiale europ\u00e9enne?<\/strong><\/p>\n<p>C\u2019est compliqu\u00e9 pour nous. L\u2019exploration spatiale se fait en partenariat, si bien qu\u2019elle repr\u00e9sente un budget tr\u00e8s faible: l\u2019\u00e9quivalent de 2 euros par an et par citoyen europ\u00e9en! Or on ne peut plus travailler avec les Russes, des partenaires traditionnels, et \u00e7a devient compliqu\u00e9 avec les Am\u00e9ricains. C\u2019est peut-\u00eatre une chance pour l\u2019Europe? Est-ce qu\u2019on ne veut pas plus d\u2019ambition pour demain, incarner une unit\u00e9 europ\u00e9enne dans l\u2019espace? En tout cas, on ne va pas continuer comme \u00e7a.<\/p>\n<p><strong>Votre r\u00eave de marcher sur la Lune est toujours d\u2019actualit\u00e9, et le plus t\u00f4t sera le mieux?<\/strong><\/p>\n<p>Ce serait bien, mais pas \u00e0 n\u2019importe quel co\u00fbt. Ce serait toujours une bonne id\u00e9e d\u2019incarner cet \u00e9lan d\u2019exploration, de science, d\u2019unit\u00e9 europ\u00e9enne.<\/p>\n<p><strong>Vous nous avez \u00e9blouis avec vos photos de la C\u00f4te d\u2019Azur et du Var vus de l\u2019espace. Des paysages vous ont-ils particuli\u00e8rement s\u00e9duit?<\/strong><\/p>\n<p>Oui, d\u2019autant que j\u2019ai une touche locale: j\u2019ai fait mon stage de fin d\u2019\u00e9tudes chez Alcatel Espace, devenu Thal\u00e8s Alenia Space, \u00e0 Cannes la Bocca. Quand on va dans l\u2019espace, on essaie de retrouver les endroits qu\u2019on conna\u00eet. Et c\u2019est beaucoup plus facile de photographier les c\u00f4tes que l\u2019int\u00e9rieur des terres, les caps, les \u00eeles comme celles de L\u00e9rins. \u00e7a m\u2019a amus\u00e9 de reconstituer tout le trait de c\u00f4te et ces endroits que j\u2019ai explor\u00e9s en bateau ou en plong\u00e9e.<\/p>\n<p><strong>De l\u00e0-haut, qu\u2019est-ce qui vous \u00e9meut le plus?<\/strong><\/p>\n<p>Le plus frappant, c\u2019est de voir la fragilit\u00e9 de l\u2019atmosph\u00e8re. Quand on regarde sur le c\u00f4t\u00e9 plut\u00f4t qu\u2019\u00e0 la verticale, on voit cette bulle de savon, ou cette corn\u00e9e. \u00e7a tient \u00e0 pas grand-chose! On se dit: on a vraiment de la chance d\u2019\u00eatre l\u00e0, ce serait dommage d\u2019ab\u00eemer \u00e7a.<\/p>\n","protected":false},"excerpt":{"rendered":"Vous \u00eates invit\u00e9 \u00e0 l\u2019UNOC par Space4Ocean, alliance entre les acteurs du secteur spatial et du monde marin.&hellip;\n","protected":false},"author":2,"featured_media":164091,"comment_status":"","ping_status":"","sticky":false,"template":"","format":"standard","meta":{"footnotes":""},"categories":[2819],"tags":[1111,11,436,1777,674,1011,27,12,2401,882,25,41],"class_list":{"0":"post-164090","1":"post","2":"type-post","3":"status-publish","4":"format-standard","5":"has-post-thumbnail","7":"category-nice","8":"tag-actu","9":"tag-actualites","10":"tag-environnement","11":"tag-eu","12":"tag-europe","13":"tag-fr","14":"tag-france","15":"tag-news","16":"tag-nice","17":"tag-provence-alpes-cote-dazur","18":"tag-republique-francaise","19":"tag-sciences"},"share_on_mastodon":{"url":"https:\/\/pubeurope.com\/@fr\/114655431535409463","error":""},"_links":{"self":[{"href":"https:\/\/www.europesays.com\/fr\/wp-json\/wp\/v2\/posts\/164090","targetHints":{"allow":["GET"]}}],"collection":[{"href":"https:\/\/www.europesays.com\/fr\/wp-json\/wp\/v2\/posts"}],"about":[{"href":"https:\/\/www.europesays.com\/fr\/wp-json\/wp\/v2\/types\/post"}],"author":[{"embeddable":true,"href":"https:\/\/www.europesays.com\/fr\/wp-json\/wp\/v2\/users\/2"}],"replies":[{"embeddable":true,"href":"https:\/\/www.europesays.com\/fr\/wp-json\/wp\/v2\/comments?post=164090"}],"version-history":[{"count":0,"href":"https:\/\/www.europesays.com\/fr\/wp-json\/wp\/v2\/posts\/164090\/revisions"}],"wp:featuredmedia":[{"embeddable":true,"href":"https:\/\/www.europesays.com\/fr\/wp-json\/wp\/v2\/media\/164091"}],"wp:attachment":[{"href":"https:\/\/www.europesays.com\/fr\/wp-json\/wp\/v2\/media?parent=164090"}],"wp:term":[{"taxonomy":"category","embeddable":true,"href":"https:\/\/www.europesays.com\/fr\/wp-json\/wp\/v2\/categories?post=164090"},{"taxonomy":"post_tag","embeddable":true,"href":"https:\/\/www.europesays.com\/fr\/wp-json\/wp\/v2\/tags?post=164090"}],"curies":[{"name":"wp","href":"https:\/\/api.w.org\/{rel}","templated":true}]}}