{"id":164092,"date":"2025-06-09T21:03:28","date_gmt":"2025-06-09T21:03:28","guid":{"rendered":"https:\/\/www.europesays.com\/fr\/164092\/"},"modified":"2025-06-09T21:03:28","modified_gmt":"2025-06-09T21:03:28","slug":"des-archeologues-des-pays-de-la-loire-vont-manifester-a-paris","status":"publish","type":"post","link":"https:\/\/www.europesays.com\/fr\/164092\/","title":{"rendered":"Des arch\u00e9ologues des Pays de la Loire vont manifester \u00e0 Paris"},"content":{"rendered":"<p>Plus de cinquante arch\u00e9ologues des Pays de la Loire (salari\u00e9s, pr\u00e9caires, \u00e9tudiants, professionnels du public et du priv\u00e9) participeront \u00e0 une mobilisation nationale \u00e0 Paris jeudi 12\u00a0juin 2025. Ils entendent \u00ab\u00a0<a href=\"https:\/\/nantes.maville.com\/actu\/actudet_-l-archeologie-preventive-est-elle-menacee-_8-6795352_actu.Htm\" target=\"_blank\" rel=\"nofollow noopener\">d\u00e9noncer le d\u00e9mant\u00e8lement programm\u00e9 de l\u2019arch\u00e9ologie pr\u00e9ventive en France<\/a>.\u00a0\u00bb<\/p>\n<p>Les r\u00e9formes en cours, notamment l\u2019article\u00a015 du projet de loi sur la simplification de la vie \u00e9conomique, \u00a0constituent une menace directe pour la sauvegarde du patrimoine arch\u00e9ologique, la recherche scientifique et le service public de la culture\u00a0. Cette mobilisation s\u2019inscrit dans un contexte d\u2019inqui\u00e9tudes croissantes sur la p\u00e9rennit\u00e9 du secteur, \u00a0frapp\u00e9 par la pr\u00e9carisation, les restrictions budg\u00e9taires et une d\u00e9r\u00e9glementation acc\u00e9l\u00e9r\u00e9e.\u00a0<\/p>\n<p>L\u2019article\u00a015 de ce projet envisage d\u2019exempter les projets qualifi\u00e9s \u00a0d\u2019int\u00e9r\u00eat national majeur\u00a0 des \u00e9tudes arch\u00e9ologiques et des \u00e9valuations environnementales. \u00a0Bien que le gouvernement ait annonc\u00e9 un projet de retrait, la menace persiste, r\u00e9v\u00e9lant une intention continue d\u2019affaiblir le cadre l\u00e9gal protecteur de l\u2019arch\u00e9ologie pr\u00e9ventive \u00e9tabli par la loi de 2001\u00a0, d\u00e9noncent-ils.<\/p>\n<p>\u00ab\u00a0L\u2019arch\u00e9ologie est une mission d\u2019int\u00e9r\u00eat public\u00a0\u00bb<\/p>\n<p>En parall\u00e8le, \u00a0les coupes budg\u00e9taires, la baisse des prescriptions, les r\u00e9organisations institutionnelles et l\u2019absence de recrutements p\u00e9rennes pr\u00e9carisent massivement notre secteur\u00a0. Et de poursuivre\u00a0: \u00a0Beaucoup d\u2019arch\u00e9ologues sont souvent confront\u00e9s \u00e0 une succession de contrats courts, \u00e0 des p\u00e9riodes de ch\u00f4mage et \u00e0 un manque de perspectives, tandis que les missions essentielles de pr\u00e9servation du patrimoine sont compromises au nom de consid\u00e9rations de rentabilit\u00e9\u00a0, estiment-ils. Ils rappellent que \u00a0malgr\u00e9 les r\u00e9centes d\u00e9clarations de notre ministre de la Culture,<a href=\"https:\/\/nantes.maville.com\/actu\/actudet_-des-surprises-et-decouvertes-archeologiques-a-la-cathedrale-de-nantes-_8-6843195_actu.Htm\" target=\"_blank\" rel=\"nofollow noopener\"> l\u2019arch\u00e9ologie est une mission d\u2019int\u00e9r\u00eat public<\/a>. Ce n\u2019est pas une lubie et ce n\u2019est pas une discipline qui a pour perspective le productivisme au profit de particuliers.\u00a0<\/p>\n<p>Par ailleurs, le Collectif de Lutte des Arch\u00e9ologues Nantais appelle \u00e0 la convergence des luttes, aux c\u00f4t\u00e9s des autres secteurs du patrimoine, de la culture, de la recherche et de l\u2019enseignement sup\u00e9rieur.<\/p>\n<p>\u00a0<\/p>\n","protected":false},"excerpt":{"rendered":"Plus de cinquante arch\u00e9ologues des Pays de la Loire (salari\u00e9s, pr\u00e9caires, \u00e9tudiants, professionnels du public et du priv\u00e9)&hellip;\n","protected":false},"author":2,"featured_media":164093,"comment_status":"","ping_status":"","sticky":false,"template":"","format":"standard","meta":{"footnotes":""},"categories":[2818],"tags":[1111,11,7269,1777,674,1011,27,3367,22235,766,12,626,5457,2636,25],"class_list":{"0":"post-164092","1":"post","2":"type-post","3":"status-publish","4":"format-standard","5":"has-post-thumbnail","7":"category-nantes","8":"tag-actu","9":"tag-actualites","10":"tag-archeologues","11":"tag-eu","12":"tag-europe","13":"tag-fr","14":"tag-france","15":"tag-loire","16":"tag-manifester","17":"tag-nantes","18":"tag-news","19":"tag-paris","20":"tag-pays","21":"tag-pays-de-la-loire","22":"tag-republique-francaise"},"share_on_mastodon":{"url":"https:\/\/pubeurope.com\/@fr\/114655435427350222","error":""},"_links":{"self":[{"href":"https:\/\/www.europesays.com\/fr\/wp-json\/wp\/v2\/posts\/164092","targetHints":{"allow":["GET"]}}],"collection":[{"href":"https:\/\/www.europesays.com\/fr\/wp-json\/wp\/v2\/posts"}],"about":[{"href":"https:\/\/www.europesays.com\/fr\/wp-json\/wp\/v2\/types\/post"}],"author":[{"embeddable":true,"href":"https:\/\/www.europesays.com\/fr\/wp-json\/wp\/v2\/users\/2"}],"replies":[{"embeddable":true,"href":"https:\/\/www.europesays.com\/fr\/wp-json\/wp\/v2\/comments?post=164092"}],"version-history":[{"count":0,"href":"https:\/\/www.europesays.com\/fr\/wp-json\/wp\/v2\/posts\/164092\/revisions"}],"wp:featuredmedia":[{"embeddable":true,"href":"https:\/\/www.europesays.com\/fr\/wp-json\/wp\/v2\/media\/164093"}],"wp:attachment":[{"href":"https:\/\/www.europesays.com\/fr\/wp-json\/wp\/v2\/media?parent=164092"}],"wp:term":[{"taxonomy":"category","embeddable":true,"href":"https:\/\/www.europesays.com\/fr\/wp-json\/wp\/v2\/categories?post=164092"},{"taxonomy":"post_tag","embeddable":true,"href":"https:\/\/www.europesays.com\/fr\/wp-json\/wp\/v2\/tags?post=164092"}],"curies":[{"name":"wp","href":"https:\/\/api.w.org\/{rel}","templated":true}]}}