{"id":164094,"date":"2025-06-09T21:04:13","date_gmt":"2025-06-09T21:04:13","guid":{"rendered":"https:\/\/www.europesays.com\/fr\/164094\/"},"modified":"2025-06-09T21:04:13","modified_gmt":"2025-06-09T21:04:13","slug":"dans-cette-commune-pres-de-nantes-les-festifolies-dautomne-se-preparent","status":"publish","type":"post","link":"https:\/\/www.europesays.com\/fr\/164094\/","title":{"rendered":"Dans cette commune pr\u00e8s de Nantes, les Festifolies d\u2019automne se pr\u00e9parent"},"content":{"rendered":"<p>Une soixantaine d\u2019Aignanais s\u2019est retrouv\u00e9e \u00e0 l\u2019Espace Vie Locale accueillie en couleur et musique par le Labo, b\u00e9n\u00e9voles actifs dans l\u2019organisation des <a href=\"https:\/\/www.facebook.com\/Lesfestifolies2022\/?locale=fr_FR\" target=\"_blank\" rel=\"noopener\">Festifolies d\u2019automne<\/a>. \u00a0Ce festival se construit avec des agents communaux, des professionnels de la culture qui voient des spectacles, contactent des artistes. Un collectif d\u2019\u00e9lus et habitants choisit chacun des spectacles en s\u2019assurant que ce soit populaire, appr\u00e9ci\u00e9 du plus grand nombre et d\u00e9jant\u00e9\u00a0\u00bb, introduit Val\u00e9rie Lieppe de Cayeux, adjointe d\u00e9l\u00e9gu\u00e9e.<\/p>\n<p>Au programme<\/p>\n<p>Le programme complet a \u00e9t\u00e9 pr\u00e9sent\u00e9 lors de cette soir\u00e9e. Le cirque sera a\u00e9rien avec le spectacle Gravir. La t\u00eate d\u2019affiche sera exceptionnelle avec Marcel et son orchestre, aux 30\u00a0ans de carri\u00e8re, aux centaines de concerts et plus de 500\u00a0000\u00a0albums vendus. La Compagnie Paris Benares revient avec Les Vaches sacr\u00e9es, animaux g\u00e9ants et anim\u00e9s dont le Cheval et L\u2019Oiseau en 2022 avaient ravi la foule. Pour la nouveaut\u00e9, la parade des voisins, toutes les couleurs sont repr\u00e9sent\u00e9es.<\/p>\n<p>\u00a0L\u2019organisation de ce festin sans qui la f\u00eate ne serait pas possible\u00a0; les missions diverses\u00a0; l\u2019accueil des festivaliers, des personnes en situation de handicap, des artistes et des b\u00e9n\u00e9voles\u00a0; la gestion du public sur les divers lieux ou le nettoyage dans la brigade verte\u00a0; le montage ou d\u00e9montage et la fabrication des d\u00e9cors, sont autant de t\u00e2ches n\u00e9cessitant du monde\u00a0, \u00e9num\u00e8re l\u2019\u00e9lue.<\/p>\n<p>Jean-Yves Jarnoux et le collectif L\u2019Atelier des d\u00e9jant\u00e9s, dont il est \u00e0 la t\u00eate, dans la fabrication des d\u00e9cors, peuvent \u00eatre rejoints \u00e0 tout moment, le vendredi et samedi matin, \u00e0 l\u2019ancienne \u00e9cole Notre-Dame, rue des Fr\u00e8res Rousseau.<\/p>\n<p>Contact\u00a0: lduret@sagl.fr. Infos\u00a0: <a href=\"https:\/\/www.saint-aignan-grandlieu.fr\/\" target=\"_blank\" rel=\"noopener\">saint-aignan-grandlieu.fr<\/a><\/p>\n<p>\u00a0<\/p>\n","protected":false},"excerpt":{"rendered":"Une soixantaine d\u2019Aignanais s\u2019est retrouv\u00e9e \u00e0 l\u2019Espace Vie Locale accueillie en couleur et musique par le Labo, b\u00e9n\u00e9voles&hellip;\n","protected":false},"author":2,"featured_media":164095,"comment_status":"","ping_status":"","sticky":false,"template":"","format":"standard","meta":{"footnotes":""},"categories":[2818],"tags":[1111,11,13632,7052,1777,674,29686,1011,27,766,12,2636,15651,3762,25],"class_list":{"0":"post-164094","1":"post","2":"type-post","3":"status-publish","4":"format-standard","5":"has-post-thumbnail","7":"category-nantes","8":"tag-actu","9":"tag-actualites","10":"tag-automne","11":"tag-commune","12":"tag-eu","13":"tag-europe","14":"tag-festifolies","15":"tag-fr","16":"tag-france","17":"tag-nantes","18":"tag-news","19":"tag-pays-de-la-loire","20":"tag-preparent","21":"tag-pres","22":"tag-republique-francaise"},"share_on_mastodon":{"url":"https:\/\/pubeurope.com\/@fr\/114655439450851855","error":""},"_links":{"self":[{"href":"https:\/\/www.europesays.com\/fr\/wp-json\/wp\/v2\/posts\/164094","targetHints":{"allow":["GET"]}}],"collection":[{"href":"https:\/\/www.europesays.com\/fr\/wp-json\/wp\/v2\/posts"}],"about":[{"href":"https:\/\/www.europesays.com\/fr\/wp-json\/wp\/v2\/types\/post"}],"author":[{"embeddable":true,"href":"https:\/\/www.europesays.com\/fr\/wp-json\/wp\/v2\/users\/2"}],"replies":[{"embeddable":true,"href":"https:\/\/www.europesays.com\/fr\/wp-json\/wp\/v2\/comments?post=164094"}],"version-history":[{"count":0,"href":"https:\/\/www.europesays.com\/fr\/wp-json\/wp\/v2\/posts\/164094\/revisions"}],"wp:featuredmedia":[{"embeddable":true,"href":"https:\/\/www.europesays.com\/fr\/wp-json\/wp\/v2\/media\/164095"}],"wp:attachment":[{"href":"https:\/\/www.europesays.com\/fr\/wp-json\/wp\/v2\/media?parent=164094"}],"wp:term":[{"taxonomy":"category","embeddable":true,"href":"https:\/\/www.europesays.com\/fr\/wp-json\/wp\/v2\/categories?post=164094"},{"taxonomy":"post_tag","embeddable":true,"href":"https:\/\/www.europesays.com\/fr\/wp-json\/wp\/v2\/tags?post=164094"}],"curies":[{"name":"wp","href":"https:\/\/api.w.org\/{rel}","templated":true}]}}