{"id":164106,"date":"2025-06-09T21:11:10","date_gmt":"2025-06-09T21:11:10","guid":{"rendered":"https:\/\/www.europesays.com\/fr\/164106\/"},"modified":"2025-06-09T21:11:10","modified_gmt":"2025-06-09T21:11:10","slug":"les-fortifications-de-vauban-au-coeur-dun-colloque-a-marseille-2","status":"publish","type":"post","link":"https:\/\/www.europesays.com\/fr\/164106\/","title":{"rendered":"Les fortifications de Vauban au c\u0153ur d\u2019un colloque \u00e0 Marseille"},"content":{"rendered":"<p>Il a laiss\u00e9 sa marque de fabrique \u00e0 travers le pays. En France, on recense pas moins de <a href=\"https:\/\/www.laprovence.com\/article\/femina-provence\/4593804\/vauban-lheritage-des-forteresses.html\" target=\"_blank\" rel=\"noopener\">160 sites fortifi\u00e9s sous la conduite de Vauban<\/a>, ing\u00e9nieur et architecte militaire au service de Louis XIV entre\u00a01653 et\u00a01707, date de sa mort.<\/p>\n<p>Cr\u00e9\u00e9e voici quarante-quatre ans \u00e0 Paris, une association m\u00e8ne des initiatives visant \u00e0 conserver et \u00e0 valoriser cet immense patrimoine. Celui-ci \u00e9tant pr\u00e9sent un peu partout sur notre territoire, des antennes locales s\u2019y emploient, chacune, dans leur secteur g\u00e9ographique.<\/p>\n<p>En tout, 200 adh\u00e9rents composent, aujourd\u2019hui, les rangs de l\u2019association \u00e0 \u00e9chelle nationale. Ils sont propri\u00e9taires de fortifications, architectes, historiens, ing\u00e9nieurs civils ou militaires et, chaque ann\u00e9e, un congr\u00e8s les r\u00e9unit nombre dans une ville, une r\u00e9gion particuli\u00e8rement repr\u00e9sentative du syst\u00e8me Vauban et plus pr\u00e9cis\u00e9ment des fortifications bastionn\u00e9es, caract\u00e9ristique en vigueur \u00e0 partir du XVIe\u00a0si\u00e8cle.<\/p>\n","protected":false},"excerpt":{"rendered":"Il a laiss\u00e9 sa marque de fabrique \u00e0 travers le pays. En France, on recense pas moins de&hellip;\n","protected":false},"author":2,"featured_media":163866,"comment_status":"","ping_status":"","sticky":false,"template":"","format":"standard","meta":{"footnotes":""},"categories":[2814],"tags":[17,1111,11,6521,14117,2837,1777,674,29663,1011,27,151,884,12,882,16,25,11624],"class_list":{"0":"post-164106","1":"post","2":"type-post","3":"status-publish","4":"format-standard","5":"has-post-thumbnail","7":"category-marseille","8":"tag-17","9":"tag-actu","10":"tag-actualites","11":"tag-coeur","12":"tag-colloque","13":"tag-dun","14":"tag-eu","15":"tag-europe","16":"tag-fortifications","17":"tag-fr","18":"tag-france","19":"tag-les","20":"tag-marseille","21":"tag-news","22":"tag-provence-alpes-cote-dazur","23":"tag-region","24":"tag-republique-francaise","25":"tag-vauban"},"share_on_mastodon":{"url":"https:\/\/pubeurope.com\/@fr\/114655466854808669","error":""},"_links":{"self":[{"href":"https:\/\/www.europesays.com\/fr\/wp-json\/wp\/v2\/posts\/164106","targetHints":{"allow":["GET"]}}],"collection":[{"href":"https:\/\/www.europesays.com\/fr\/wp-json\/wp\/v2\/posts"}],"about":[{"href":"https:\/\/www.europesays.com\/fr\/wp-json\/wp\/v2\/types\/post"}],"author":[{"embeddable":true,"href":"https:\/\/www.europesays.com\/fr\/wp-json\/wp\/v2\/users\/2"}],"replies":[{"embeddable":true,"href":"https:\/\/www.europesays.com\/fr\/wp-json\/wp\/v2\/comments?post=164106"}],"version-history":[{"count":0,"href":"https:\/\/www.europesays.com\/fr\/wp-json\/wp\/v2\/posts\/164106\/revisions"}],"wp:featuredmedia":[{"embeddable":true,"href":"https:\/\/www.europesays.com\/fr\/wp-json\/wp\/v2\/media\/163866"}],"wp:attachment":[{"href":"https:\/\/www.europesays.com\/fr\/wp-json\/wp\/v2\/media?parent=164106"}],"wp:term":[{"taxonomy":"category","embeddable":true,"href":"https:\/\/www.europesays.com\/fr\/wp-json\/wp\/v2\/categories?post=164106"},{"taxonomy":"post_tag","embeddable":true,"href":"https:\/\/www.europesays.com\/fr\/wp-json\/wp\/v2\/tags?post=164106"}],"curies":[{"name":"wp","href":"https:\/\/api.w.org\/{rel}","templated":true}]}}