{"id":164109,"date":"2025-06-09T21:13:10","date_gmt":"2025-06-09T21:13:10","guid":{"rendered":"https:\/\/www.europesays.com\/fr\/164109\/"},"modified":"2025-06-09T21:13:10","modified_gmt":"2025-06-09T21:13:10","slug":"pourquoi-vous-ne-verrez-pas-les-photos-du-concert","status":"publish","type":"post","link":"https:\/\/www.europesays.com\/fr\/164109\/","title":{"rendered":"pourquoi vous ne verrez pas les photos du concert"},"content":{"rendered":"<p>Le Progr\u00e8s avait pr\u00e9vu de couvrir ce lundi soir le concert du groupe irlandais Fontaines D.C. dans le cadre des Nuits de Fourvi\u00e8re. Comme nous le faisons depuis longtemps, nous avons pr\u00e9par\u00e9 cette soir\u00e9e en relation avec les organisateurs de ce festival auquel nous accordons tous les \u00e9t\u00e9s une large place.<\/p>\n<p>Malheureusement, eux aussi ont \u00e9t\u00e9 mis devant le fait accompli en fin d\u2019apr\u00e8s-midi. La production du groupe nous a fait transmettre des conditions que nous ne pouvions accepter en l\u2019\u00e9tat.<\/p>\n<p>Nombreuses\u00a0revendications<\/p>\n<p>Selon les termes d\u2019un contrat \u00e0 signer, il n\u2019\u00e9tait possible pour notre photographe de ne travailler que sur les trois derniers titres jou\u00e9s sur sc\u00e8ne. Les clich\u00e9s devaient ensuite \u00eatre envoy\u00e9s \u00e0 la production pour validation, ce que nous ne faisons pour ainsi dire jamais, ne serait-ce que pour des raisons de d\u00e9lais de bouclage. Mais aussi pour une question de principe et de consid\u00e9ration quant au travail de nos reporters photographes.<\/p>\n<p>Pis encore, la production stipulait qu\u2019elle pouvait de son c\u00f4t\u00e9, moyennant 1 livre vers\u00e9e au photographe, utiliser les photos prises sur tout type de support.<\/p>\n<p>En refusant, nous privons certes nos lecteurs de lire un compte rendu bien illustr\u00e9 de cette soir\u00e9e, nous en sommes conscients. Bien s\u00fbr, les questions de droit \u00e0 l\u2019image des artistes sont importantes mais, plus g\u00e9n\u00e9ralement, on assiste \u00e0 une inflation des exigences des productions, souvent au grand regret des organisateurs, promoteurs, tourneurs eux-m\u00eames\u2026<\/p>\n","protected":false},"excerpt":{"rendered":"Le Progr\u00e8s avait pr\u00e9vu de couvrir ce lundi soir le concert du groupe irlandais Fontaines D.C. dans le&hellip;\n","protected":false},"author":2,"featured_media":164110,"comment_status":"","ping_status":"","sticky":false,"template":"","format":"standard","meta":{"footnotes":""},"categories":[1889],"tags":[1111,11,2430,1687,2757,1777,674,107,1011,27,2428,2756,873,12,25,2429],"class_list":{"0":"post-164109","1":"post","2":"type-post","3":"status-publish","4":"format-standard","5":"has-post-thumbnail","7":"category-lyon","8":"tag-actu","9":"tag-actualites","10":"tag-auvergne-rhone-alpes","11":"tag-culture-loisirs","12":"tag-edition-lyon-villeurbanne","13":"tag-eu","14":"tag-europe","15":"tag-fil-info","16":"tag-fr","17":"tag-france","18":"tag-lyon","19":"tag-lyon-bassin","20":"tag-musique","21":"tag-news","22":"tag-republique-francaise","23":"tag-rhone"},"share_on_mastodon":{"url":"https:\/\/pubeurope.com\/@fr\/114655474700814854","error":""},"_links":{"self":[{"href":"https:\/\/www.europesays.com\/fr\/wp-json\/wp\/v2\/posts\/164109","targetHints":{"allow":["GET"]}}],"collection":[{"href":"https:\/\/www.europesays.com\/fr\/wp-json\/wp\/v2\/posts"}],"about":[{"href":"https:\/\/www.europesays.com\/fr\/wp-json\/wp\/v2\/types\/post"}],"author":[{"embeddable":true,"href":"https:\/\/www.europesays.com\/fr\/wp-json\/wp\/v2\/users\/2"}],"replies":[{"embeddable":true,"href":"https:\/\/www.europesays.com\/fr\/wp-json\/wp\/v2\/comments?post=164109"}],"version-history":[{"count":0,"href":"https:\/\/www.europesays.com\/fr\/wp-json\/wp\/v2\/posts\/164109\/revisions"}],"wp:featuredmedia":[{"embeddable":true,"href":"https:\/\/www.europesays.com\/fr\/wp-json\/wp\/v2\/media\/164110"}],"wp:attachment":[{"href":"https:\/\/www.europesays.com\/fr\/wp-json\/wp\/v2\/media?parent=164109"}],"wp:term":[{"taxonomy":"category","embeddable":true,"href":"https:\/\/www.europesays.com\/fr\/wp-json\/wp\/v2\/categories?post=164109"},{"taxonomy":"post_tag","embeddable":true,"href":"https:\/\/www.europesays.com\/fr\/wp-json\/wp\/v2\/tags?post=164109"}],"curies":[{"name":"wp","href":"https:\/\/api.w.org\/{rel}","templated":true}]}}