{"id":164115,"date":"2025-06-09T21:17:10","date_gmt":"2025-06-09T21:17:10","guid":{"rendered":"https:\/\/www.europesays.com\/fr\/164115\/"},"modified":"2025-06-09T21:17:10","modified_gmt":"2025-06-09T21:17:10","slug":"le-tacle-de-marine-le-pen-a-emmanuel-macron-sur-les-violences-apres-la-victoire-du-psg","status":"publish","type":"post","link":"https:\/\/www.europesays.com\/fr\/164115\/","title":{"rendered":"le tacle de Marine Le Pen \u00e0 Emmanuel Macron sur les violences apr\u00e8s la victoire du PSG"},"content":{"rendered":"<p><strong>VID\u00c9O<\/strong> &#8211; La cheffe de file du RN estime que \u00abdes hordes barbares peuvent en toute impunit\u00e9 m\u00e9diatique et judiciaire mettre \u00e0 sac la capitale de la France\u00bb.<\/p>\n<p class=\"fig-paragraph\">Apr\u00e8s s\u2019\u00eatre longuement attaqu\u00e9e \u00e0 l\u2019Union europ\u00e9enne,\u00a0<a href=\"https:\/\/www.lefigaro.fr\/tag\/marine-le-pen\" target=\"_blank\" rel=\"noopener\" data-gtm-custom-categorie=\"navigation\" data-gtm-custom-action=\"crossclick\" data-gtm-custom-label=\"Contextuel\" data-gtm-event=\"customEventSPE\">la triple candidate malheureuse \u00e0 la pr\u00e9sidentielle<\/a>\u00a0s\u2019en est prise \u00e0 Emmanuel Macron ce lundi 9 juin \u00e0 Mormant-sur-Vernisson (Loiret). \u00abSi j\u2019ai un tweet \u00e0 lui proposer, \u00e7a serait\u00a0: \u2019Pas champion mon fr\u00e8re\u2019\u00bb, a raill\u00e9 Marine Le Pen lors d\u2019un rassemblement avec ses alli\u00e9s europ\u00e9ens, en r\u00e9f\u00e9rence \u00e0 un tweet \u00e9crit par Emmanuel Macron.<\/p>\n<p class=\"fig-paragraph\">\u00c0 l\u2019origine de cette diatribe\u00a0:\u00a0<a href=\"http:\/\/www.lefigaro.fr\/actualite-france\/tirs-de-mortiers-voitures-incendiees-et-scenes-de-liesse-le-recit-de-la-nuit-a-paris-apres-le-sacre-du-psg-en-ligue-des-champions-20250601\" data-fig-type=\"Article\" data-gtm-custom-categorie=\"navigation\" data-gtm-custom-action=\"crossclick\" data-gtm-custom-label=\"Contextuel\" data-gtm-event=\"customEventSPE\" data-fig-domain=\"LEFIGARO\" target=\"_blank\" rel=\"noopener\">les d\u00e9bordements qui ont \u00e9clat\u00e9\u00a0<\/a>apr\u00e8s la victoire du PSG en finale de Ligue des champions. \u00abQui peut croire s\u00e9rieusement que la France d\u2019Emmanuel Macron pourrait mener une guerre d\u2019ampleur quand il est d\u00e9j\u00e0 incapable de g\u00e9rer le chaos qui r\u00e8gne les soirs de match \u00e0 200 m\u00e8tres de l\u2019\u00c9lys\u00e9e\u00a0?\u00bb, a lanc\u00e9 la cheffe de file du Rassemblement national, encourag\u00e9e par les cris de ses partisans.<\/p>\n<p>\u00abDes postures tartarinesques\u00bb<\/p>\n<p class=\"fig-paragraph\">Entour\u00e9e notamment du premier ministre hongrois Viktor Orban et du leader du parti espagnol Vox Santiago Abascal, Marine Le Pen a estim\u00e9 que les envol\u00e9es guerri\u00e8res du pr\u00e9sident fran\u00e7ais sont \u00abdes postures tartarinesques\u00bb. Pour preuves selon elle\u00a0: le narcotrafic qui \u00abcontr\u00f4le des parties enti\u00e8res du territoire\u00bb et \u00abdes hordes barbares pouvant en toute impunit\u00e9 m\u00e9diatique et judiciaire mettre \u00e0 sac la capitale de la France\u00bb.<\/p>\n<p class=\"fig-paragraph\">La grande f\u00eate apr\u00e8s la victoire sans appel du PSG face \u00e0 l\u2019Inter Milan (5-0) le samedi 31 mai \u00e0 Munich avait \u00e9t\u00e9 assombrie par de nombreux incidents et d\u00e9gradations \u00e0 Paris et dans le reste de la France. Un mineur de 17 ans a notamment \u00e9t\u00e9\u00a0<a href=\"http:\/\/www.lefigaro.fr\/faits-divers\/mineur-tue-a-dax-en-marge-de-la-victoire-du-psg-le-suspect-s-est-rendu-a-la-police-20250608\" data-fig-type=\"NewsFlash\" data-gtm-custom-categorie=\"navigation\" data-gtm-custom-action=\"crossclick\" data-gtm-custom-label=\"Contextuel\" data-gtm-event=\"customEventSPE\" data-fig-domain=\"LEFIGARO\" target=\"_blank\" rel=\"noopener\">tu\u00e9 \u00e0 coups de couteau \u00e0 Dax<\/a>, dans le Sud-Ouest, et un jeune homme d\u2019une vingtaine d\u2019ann\u00e9es est mort dans la capitale apr\u00e8s avoir \u00e9t\u00e9 percut\u00e9 \u00e0 scooter par une voiture.<\/p>\n<p class=\"fig-paragraph\">Les forces de l\u2019ordre avaient proc\u00e9d\u00e9 \u00e0 563 interpellations dans la nuit de samedi \u00e0 dimanche \u00e0 travers le pays et \u00e0 79 autres la nuit suivante.\u00a0<a href=\"http:\/\/www.lefigaro.fr\/actualite-france\/debordements-lors-du-sacre-du-psg-jusqu-a-15-mois-de-prison-ferme-20250603\" data-fig-type=\"NewsFlash\" data-gtm-custom-categorie=\"navigation\" data-gtm-custom-action=\"crossclick\" data-gtm-custom-label=\"Contextuel\" data-gtm-event=\"customEventSPE\" data-fig-domain=\"LEFIGARO\" target=\"_blank\" rel=\"noopener\">Une vingtaine d\u2019hommes ont comparu<\/a>\u00a0mardi \u00e0 Paris, accus\u00e9s de vol ou de violences contre des policiers aux abords des Champs-\u00c9lys\u00e9es.<\/p>\n","protected":false},"excerpt":{"rendered":"VID\u00c9O &#8211; La cheffe de file du RN estime que \u00abdes hordes barbares peuvent en toute impunit\u00e9 m\u00e9diatique&hellip;\n","protected":false},"author":2,"featured_media":164116,"comment_status":"","ping_status":"","sticky":false,"template":"","format":"standard","meta":{"footnotes":""},"categories":[1888],"tags":[1111,1928,47,11,1927,1109,1112,1777,674,118,1108,107,1106,1107,63,1011,27,1110,1114,14,447,12,1926,1113,626,1925,316,25,2848],"class_list":{"0":"post-164115","1":"post","2":"type-post","3":"status-publish","4":"format-standard","5":"has-post-thumbnail","7":"category-paris","8":"tag-actu","9":"tag-actu-paris","10":"tag-actualite","11":"tag-actualites","12":"tag-actualites-paris","13":"tag-breves","14":"tag-depeches","15":"tag-eu","16":"tag-europe","17":"tag-faits-divers","18":"tag-fil","19":"tag-fil-info","20":"tag-flash","21":"tag-flash-actu","22":"tag-football","23":"tag-fr","24":"tag-france","25":"tag-informations","26":"tag-infos","27":"tag-international","28":"tag-ligue-des-champions","29":"tag-news","30":"tag-news-paris","31":"tag-nouvelles","32":"tag-paris","33":"tag-paris-news","34":"tag-politique","35":"tag-republique-francaise","36":"tag-rn"},"share_on_mastodon":{"url":"https:\/\/pubeurope.com\/@fr\/114655490974562438","error":""},"_links":{"self":[{"href":"https:\/\/www.europesays.com\/fr\/wp-json\/wp\/v2\/posts\/164115","targetHints":{"allow":["GET"]}}],"collection":[{"href":"https:\/\/www.europesays.com\/fr\/wp-json\/wp\/v2\/posts"}],"about":[{"href":"https:\/\/www.europesays.com\/fr\/wp-json\/wp\/v2\/types\/post"}],"author":[{"embeddable":true,"href":"https:\/\/www.europesays.com\/fr\/wp-json\/wp\/v2\/users\/2"}],"replies":[{"embeddable":true,"href":"https:\/\/www.europesays.com\/fr\/wp-json\/wp\/v2\/comments?post=164115"}],"version-history":[{"count":0,"href":"https:\/\/www.europesays.com\/fr\/wp-json\/wp\/v2\/posts\/164115\/revisions"}],"wp:featuredmedia":[{"embeddable":true,"href":"https:\/\/www.europesays.com\/fr\/wp-json\/wp\/v2\/media\/164116"}],"wp:attachment":[{"href":"https:\/\/www.europesays.com\/fr\/wp-json\/wp\/v2\/media?parent=164115"}],"wp:term":[{"taxonomy":"category","embeddable":true,"href":"https:\/\/www.europesays.com\/fr\/wp-json\/wp\/v2\/categories?post=164115"},{"taxonomy":"post_tag","embeddable":true,"href":"https:\/\/www.europesays.com\/fr\/wp-json\/wp\/v2\/tags?post=164115"}],"curies":[{"name":"wp","href":"https:\/\/api.w.org\/{rel}","templated":true}]}}