{"id":164123,"date":"2025-06-09T21:21:10","date_gmt":"2025-06-09T21:21:10","guid":{"rendered":"https:\/\/www.europesays.com\/fr\/164123\/"},"modified":"2025-06-09T21:21:10","modified_gmt":"2025-06-09T21:21:10","slug":"face-a-la-menace-russe-mark-rutte-appelle-a-un-sursaut-militaire-massif-de-lotan","status":"publish","type":"post","link":"https:\/\/www.europesays.com\/fr\/164123\/","title":{"rendered":"Face \u00e0 la menace russe, Mark Rutte appelle \u00e0 un sursaut militaire massif de l\u2019OTAN"},"content":{"rendered":"<p>\n  Par&amp;nbsp<b>euronews<\/b><\/p>\n<p>\n         Publi\u00e9 le<br \/>\n            09\/06\/2025 &#8211; 19:58 UTC+2<\/p>\n<p><img decoding=\"async\" class=\"c-ad__placeholder__logo\" src=\"https:\/\/www.europesays.com\/fr\/wp-content\/uploads\/2025\/03\/logo-euronews-grey-6-180x22.svg.svg+xml\" width=\"180\" height=\"22\" alt=\"\" loading=\"lazy\"\/>PUBLICIT\u00c9<\/p>\n<p>En visite \u00e0 Londres ce lundi o\u00f9 il a rencontr\u00e9 le chef du gouvernement britannique Keir Starmer, le secr\u00e9taire g\u00e9n\u00e9ral de l\u2019OTAN, Mark Rutte, s\u2019est exprim\u00e9 au sein du groupe de r\u00e9flexion Chatham House. Il a exhort\u00e9 les membres de l\u2019Alliance \u00e0 renforcer massivement leurs capacit\u00e9s de d\u00e9fense, avertissant que Moscou pourrait \u00eatre militairement pr\u00eat \u00e0 lancer une attaque d\u2019envergure d\u2019ici cinq ans.<\/p>\n<p>Selon le chef de l\u2019Alliance, l\u2019OTAN a besoin de milliers de v\u00e9hicules blind\u00e9s suppl\u00e9mentaires, de millions d\u2019obus d\u2019artillerie en plus, ainsi que d\u2019un accroissement de 400 % des syst\u00e8mes de d\u00e9fense a\u00e9rienne et antimissile.<\/p>\n<p>Mark Rutte a soulign\u00e9 que la Russie d\u00e9passe actuellement l\u2019OTAN en mati\u00e8re de production de munitions, et a appel\u00e9 \u00e0 un \u00ab\u00a0saut quantique\u00a0\u00bb en mati\u00e8re de d\u00e9fense collective. Il a d\u00e9clar\u00e9 attendre des 32 \u00c9tats membres qu\u2019ils s\u2019accordent sur une hausse significative des budgets militaires lors du sommet pr\u00e9vu aux Pays-Bas \u00e0 la fin du mois.<\/p>\n<p>Le chef de l&rsquo;Alliance a propos\u00e9 un objectif de 3,5 % du PIB pour les d\u00e9penses militaires, et de 1,5 % suppl\u00e9mentaire pour les d\u00e9penses li\u00e9es \u00e0 la d\u00e9fense, telles que les routes, ponts, a\u00e9rodromes et ports maritimes.<\/p>\n<p>Actuellement, 22 des 32 membres atteignent ou d\u00e9passent l\u2019objectif actuel de 2 % fix\u00e9 en 2014.  Mark Rutte s\u2019est dit confiant que tous les membres atteindront ce seuil d\u2019ici la fin de l\u2019ann\u00e9e.<\/p>\n<p>Les \u00c9tats-Unis font pression sur les membres de l&rsquo;OTAN<\/p>\n<p>Ce nouvel objectif r\u00e9pond \u00e9galement \u00e0 une exigence de Donald Trump, qui souhaite que les \u00c9tats membres consacrent 5 % de leur PIB \u00e0 la d\u00e9fense.<\/p>\n<p>Le pr\u00e9sident am\u00e9ricain a longtemps critiqu\u00e9 l\u2019OTAN, reprochant aux alli\u00e9s europ\u00e9ens de ne pas contribuer \u00e9quitablement \u00e0 leur propre s\u00e9curit\u00e9.<\/p>\n<p>Mark Rutte a reconnu que \u00ab\u00a0l\u2019Am\u00e9rique a port\u00e9 trop longtemps trop de responsabilit\u00e9s\u00a0\u00bb.<\/p>\n<p>\u00ab\u00a0Nous voyons en Ukraine comment la Russie s\u00e8me la terreur depuis les airs, nous allons donc renforcer le bouclier qui prot\u00e8ge notre ciel\u00a0\u00bb, a-t-il affirm\u00e9. <\/p>\n<p>Les membres europ\u00e9ens de l\u2019Alliance, men\u00e9s par le Royaume-Uni et la France, travaillent actuellement \u00e0 coordonner leur strat\u00e9gie de d\u00e9fense.<\/p>\n<p>La semaine derni\u00e8re, le gouvernement britannique a annonc\u00e9 la construction de nouveaux sous-marins d\u2019attaque \u00e0 propulsion nucl\u00e9aire, ainsi que la pr\u00e9paration de son arm\u00e9e \u00e0 un \u00e9ventuel conflit en Europe. Le Royaume-Uni entend devenir une \u00ab\u00a0nation blind\u00e9e, pr\u00eate au combat\u00a0\u00bb.<\/p>\n<p>Ces mesures constituent la plus vaste r\u00e9forme de la d\u00e9fense britannique depuis la chute de l\u2019Union sovi\u00e9tique il y a plus de trente ans.<\/p>\n<p>\u00ab\u00a0Les illusions ne nous prot\u00e9geront pas\u00a0\u00bb, a conclu Mark Rutte. \u00ab\u00a0Nous ne pouvons pas r\u00eaver le danger. L\u2019espoir n\u2019est pas une strat\u00e9gie. L\u2019OTAN doit devenir une alliance plus forte, plus \u00e9quitable et plus l\u00e9tale.\u00a0\u00bb<\/p>\n","protected":false},"excerpt":{"rendered":"Par&amp;nbspeuronews Publi\u00e9 le 09\/06\/2025 &#8211; 19:58 UTC+2 PUBLICIT\u00c9 En visite \u00e0 Londres ce lundi o\u00f9 il a rencontr\u00e9&hellip;\n","protected":false},"author":2,"featured_media":164124,"comment_status":"","ping_status":"","sticky":false,"template":"","format":"standard","meta":{"footnotes":""},"categories":[1591],"tags":[11,554,1887,2287,12,136,1885,1886,132],"class_list":{"0":"post-164123","1":"post","2":"type-post","3":"status-publish","4":"format-standard","5":"has-post-thumbnail","7":"category-russie","8":"tag-actualites","9":"tag-defense","10":"tag-federation-de-russie","11":"tag-mark-rutte","12":"tag-news","13":"tag-otan","14":"tag-russia","15":"tag-russian-federation","16":"tag-russie"},"share_on_mastodon":{"url":"https:\/\/pubeurope.com\/@fr\/114655506209607294","error":""},"_links":{"self":[{"href":"https:\/\/www.europesays.com\/fr\/wp-json\/wp\/v2\/posts\/164123","targetHints":{"allow":["GET"]}}],"collection":[{"href":"https:\/\/www.europesays.com\/fr\/wp-json\/wp\/v2\/posts"}],"about":[{"href":"https:\/\/www.europesays.com\/fr\/wp-json\/wp\/v2\/types\/post"}],"author":[{"embeddable":true,"href":"https:\/\/www.europesays.com\/fr\/wp-json\/wp\/v2\/users\/2"}],"replies":[{"embeddable":true,"href":"https:\/\/www.europesays.com\/fr\/wp-json\/wp\/v2\/comments?post=164123"}],"version-history":[{"count":0,"href":"https:\/\/www.europesays.com\/fr\/wp-json\/wp\/v2\/posts\/164123\/revisions"}],"wp:featuredmedia":[{"embeddable":true,"href":"https:\/\/www.europesays.com\/fr\/wp-json\/wp\/v2\/media\/164124"}],"wp:attachment":[{"href":"https:\/\/www.europesays.com\/fr\/wp-json\/wp\/v2\/media?parent=164123"}],"wp:term":[{"taxonomy":"category","embeddable":true,"href":"https:\/\/www.europesays.com\/fr\/wp-json\/wp\/v2\/categories?post=164123"},{"taxonomy":"post_tag","embeddable":true,"href":"https:\/\/www.europesays.com\/fr\/wp-json\/wp\/v2\/tags?post=164123"}],"curies":[{"name":"wp","href":"https:\/\/api.w.org\/{rel}","templated":true}]}}