{"id":164125,"date":"2025-06-09T21:22:09","date_gmt":"2025-06-09T21:22:09","guid":{"rendered":"https:\/\/www.europesays.com\/fr\/164125\/"},"modified":"2025-06-09T21:22:09","modified_gmt":"2025-06-09T21:22:09","slug":"le-sud-global-veut-la-fin-de-la-guerre-en-ukraine","status":"publish","type":"post","link":"https:\/\/www.europesays.com\/fr\/164125\/","title":{"rendered":"\u00ab\u00a0Le \u201cSud global\u201d veut la fin de la guerre en Ukraine\u00a0\u00bb"},"content":{"rendered":"<p><strong>ENTRETIEN EXCLUSIF <\/strong>&#8211; Subrahmanyam Jaishankar met en garde le Pakistan contre toute nouvelle attaque terroriste et justifie le refus de prendre parti entre Moscou et Kiev.<\/p>\n<p class=\"fig-paragraph\">Diplomate de carri\u00e8re, Subrahmanyam Jaishankar est ministre des Affaires \u00e9trang\u00e8res de l\u2019<a href=\"https:\/\/www.lefigaro.fr\/tag\/inde\" target=\"_blank\" rel=\"noopener nofollow\" data-gtm-custom-categorie=\"navigation\" data-gtm-custom-action=\"crossclick\" data-gtm-custom-label=\"Contextuel\" data-gtm-event=\"customEventSPE\">Inde<\/a>\u00a0depuis 2019.<\/p>\n<p class=\"fig-paragraph\"><strong>LE FIGARO. &#8211; Y a-t-il une intensification de la coop\u00e9ration entre l\u2019Inde et la France\u00a0?<\/strong><\/p>\n<p class=\"fig-paragraph\"><strong>Subrahmanyam JAISHANKAR. &#8211;<\/strong> Nous avons\u00a0<a href=\"http:\/\/www.lefigaro.fr\/vox\/monde\/g20-a-new-delhi-la-france-et-l-inde-ont-tout-interet-a-faire-progresser-leur-agenda-commun-20230907\" target=\"_blank\" data-fig-type=\"Article\" rel=\"noopener nofollow\" data-gtm-custom-categorie=\"navigation\" data-gtm-custom-action=\"crossclick\" data-gtm-custom-label=\"Contextuel\" data-gtm-event=\"customEventSPE\" data-fig-domain=\"LEFIGARO\">avec la France<\/a>, depuis de nombreuses ann\u00e9es, un tr\u00e8s fort partenariat, \u00e9conomique et strat\u00e9gique, civil et militaire. Depuis des d\u00e9cennies, nos approches et nos positions ont \u00e9t\u00e9 nourries par nos conversations avec la France. Le mot \u00ab\u00a0confiance\u00a0\u00bb est central dans cette relation. Par exemple, sur notre\u00a0<a href=\"https:\/\/www.lefigaro.fr\/conjoncture\/nucleaire-la-france-veut-accelerer-le-projet-d-epr-en-inde-20230223\" target=\"_blank\" data-fig-type=\"Article\" rel=\"noopener nofollow\" data-gtm-custom-categorie=\"navigation\" data-gtm-custom-action=\"crossclick\" data-gtm-custom-label=\"Contextuel\" data-gtm-event=\"customEventSPE\" data-fig-domain=\"LEFIGARO\">politique nucl\u00e9aire<\/a>\u00a0ou notre posture strat\u00e9gique, nous sommes mus par la volont\u00e9 de maintenir nos capacit\u00e9s nationales. C\u2019est une relation solide entre deux grandes puissances ind\u00e9pendantes qui, dans ce monde multipolaire en pleins bouleversements, comprennent l\u2019importance de l\u2019autonomie strat\u00e9gique. Nous souhaitons d\u00e9velopper nos partenariats avec la France en mati\u00e8re de d\u00e9fense, d\u2019\u00e9nergie nucl\u00e9aire, d\u2019IA, de spatial, d\u2019environnement\u2026 La France fait aussi\u2026<\/p>\n<p class=\"fig-premium-paywall__infos\">\n        Cet article est r\u00e9serv\u00e9 aux abonn\u00e9s.        Il vous reste 88% \u00e0 d\u00e9couvrir.\n    <\/p>\n<p>                <img  data- alt=\"Le Figaro\" class=\"fig-img--complete fig-img\"\/><\/p>\n<p class=\"fig-premium-paywall__title\">Vente Flash<\/p>\n<p class=\"fig-premium-paywall__subtitle\">3,99\u20ac par mois pendant 12 mois. Sans engagement.<\/p>\n<p class=\"fig-premium-paywall__connect\">\n                D\u00e9j\u00e0 abonn\u00e9\u00a0?                <a class=\"fig-premium-paywall__connect-link\" href=\"https:\/\/connect.lefigaro.fr\/login?client=horizon_web&amp;type=main&amp;redirect_uri=https%3A%2F%2Fwww.lefigaro.fr%2Finternational%2Fle-chef-de-la-diplomatie-indienne-au-figaro-le-sud-global-veut-la-fin-de-la-guerre-en-ukraine-20250609\" data-js-gtm=\"{&quot;customCategorie&quot;: &quot;conversion&quot;, &quot;customAction&quot;: &quot;before_Landing_Connexion_paywall_auto&quot;, &quot;customLabel&quot;: &quot;bGVmaWdhcm8uZnJfXzFmMDQ1MzM0LTU4ZmQtNjg1Ni1hZmRkLTBkYjM4NWIzYjI0Ml9fQXJ0aWNsZQ==_Le chef de la diplomatie indienne au &lt;i&gt;Figaro&lt;\/i&gt;\u00a0: \u00ab\u00a0Le \u201cSud global\u201d veut la fin de la guerre en Ukraine\u00a0\u00bb_802&quot;, &quot;customIDSPE&quot;: &quot;bGVmaWdhcm8uZnJfXzFmMDQ1MzM0LTU4ZmQtNjg1Ni1hZmRkLTBkYjM4NWIzYjI0Ml9fQXJ0aWNsZQ==&quot;, &quot;event&quot;: &quot;customEventSPE&quot;}\" rel=\"nofollow noopener\" target=\"_blank\"><br \/>\n                    Connectez-vous<br \/>\n                <\/a>\n            <\/p>\n","protected":false},"excerpt":{"rendered":"ENTRETIEN EXCLUSIF &#8211; Subrahmanyam Jaishankar met en garde le Pakistan contre toute nouvelle attaque terroriste et justifie le&hellip;\n","protected":false},"author":2,"featured_media":164126,"comment_status":"","ping_status":"","sticky":false,"template":"","format":"standard","meta":{"footnotes":""},"categories":[1590],"tags":[259,11,260,1777,674,5595,14,261,12,262,220],"class_list":{"0":"post-164125","1":"post","2":"type-post","3":"status-publish","4":"format-standard","5":"has-post-thumbnail","7":"category-ukraine","8":"tag-actualite-internationale","9":"tag-actualites","10":"tag-affaires-etrangeres","11":"tag-eu","12":"tag-europe","13":"tag-inde","14":"tag-international","15":"tag-ministere-des-affaires-etrangeres","16":"tag-news","17":"tag-politique-etrangere","18":"tag-ukraine"},"share_on_mastodon":{"url":"https:\/\/pubeurope.com\/@fr\/114655510141005297","error":""},"_links":{"self":[{"href":"https:\/\/www.europesays.com\/fr\/wp-json\/wp\/v2\/posts\/164125","targetHints":{"allow":["GET"]}}],"collection":[{"href":"https:\/\/www.europesays.com\/fr\/wp-json\/wp\/v2\/posts"}],"about":[{"href":"https:\/\/www.europesays.com\/fr\/wp-json\/wp\/v2\/types\/post"}],"author":[{"embeddable":true,"href":"https:\/\/www.europesays.com\/fr\/wp-json\/wp\/v2\/users\/2"}],"replies":[{"embeddable":true,"href":"https:\/\/www.europesays.com\/fr\/wp-json\/wp\/v2\/comments?post=164125"}],"version-history":[{"count":0,"href":"https:\/\/www.europesays.com\/fr\/wp-json\/wp\/v2\/posts\/164125\/revisions"}],"wp:featuredmedia":[{"embeddable":true,"href":"https:\/\/www.europesays.com\/fr\/wp-json\/wp\/v2\/media\/164126"}],"wp:attachment":[{"href":"https:\/\/www.europesays.com\/fr\/wp-json\/wp\/v2\/media?parent=164125"}],"wp:term":[{"taxonomy":"category","embeddable":true,"href":"https:\/\/www.europesays.com\/fr\/wp-json\/wp\/v2\/categories?post=164125"},{"taxonomy":"post_tag","embeddable":true,"href":"https:\/\/www.europesays.com\/fr\/wp-json\/wp\/v2\/tags?post=164125"}],"curies":[{"name":"wp","href":"https:\/\/api.w.org\/{rel}","templated":true}]}}