{"id":16414,"date":"2025-04-11T03:16:20","date_gmt":"2025-04-11T03:16:20","guid":{"rendered":"https:\/\/www.europesays.com\/fr\/16414\/"},"modified":"2025-04-11T03:16:20","modified_gmt":"2025-04-11T03:16:20","slug":"aider-aussi-les-aidants-des-personnes-touchees-par-la-maladie-dalzheimer","status":"publish","type":"post","link":"https:\/\/www.europesays.com\/fr\/16414\/","title":{"rendered":"aider aussi les aidants des personnes touch\u00e9es par la maladie d\u2019Alzheimer"},"content":{"rendered":"<p>Depuis quarante\u00a0ans, l\u2019Union nationale France Alzheimer informe, forme et accompagne les familles touch\u00e9es par la maladie d\u2019Alzheimer sur l\u2019ensemble du territoire fran\u00e7ais. Dans le d\u00e9partement des Deux-S\u00e8vres, l\u2019association compte six antennes (Bressuire, Thouars, Parthenay, <a target=\"_self\" href=\"https:\/\/www.lanouvellerepublique.fr\/deux-sevres\/commune\/saint-maixent-l-ecole\/saint-maixent-l-ecole-france-alzheimer-79-va-ouvrir-une-antenne-dans-la-commune\" rel=\"nofollow noopener\">Saint-Maixent<\/a>, Melle et Niort), 60 b\u00e9n\u00e9voles et 280 familles adh\u00e9rentes.\u00a0D\u2019apr\u00e8s Jacques Poussard, pr\u00e9sident de la f\u00e9d\u00e9ration deux-s\u00e9vrienne, \u00ab\u00a0entre\u00a03.000 et\u00a04.000 personnes vivent avec la maladie d\u2019Alzheimer ou une maladie apparent\u00e9e dans le d\u00e9partement\u00a0\u00bb. Les antennes organisent des ateliers et des activit\u00e9s stimulantes\u00a0: mobilisation cognitive, groupe de parole, m\u00e9diation \u00e9quine, jardinage, art-th\u00e9rapie,\u00a0etc.<\/p>\n<p>\u00ab\u00a0Les familles n\u2019osent pas toujours pousser notre porte\u00a0\u00bb<\/p>\n<p>France Alzheimer 79 recherche <a target=\"_self\" href=\"https:\/\/www.lanouvellerepublique.fr\/tours\/indre-et-loire-france-alzheimer-libere-la-parole-des-aidants\" rel=\"nofollow noopener\">des solutions adapt\u00e9es aux aidants<\/a> des personnes touch\u00e9es par la maladie d\u2019Alzheimer, les conjoints, les fr\u00e8res et s\u0153urs ou les enfants. \u00ab Ils portent un poids psychologique \u00e9norme\u00a0\u00bb, d\u00e9clare Jacques Poussard. \u00ab\u00a0Les familles n\u2019osent pas toujours pousser notre porte. Ils ne voient pas comment l\u2019association pourrait les aider, ou pensent qu\u2019ils arriveront \u00e0 se d\u00e9brouiller tout seul\u00a0\u00bb, explique Sophie Pizon, charg\u00e9e d\u2019accueil de l\u2019association.<\/p>\n<p>Pourtant, vivre avec une personne touch\u00e9e par la maladie Alzheimer n\u2019est pas de tout repos. La perte de m\u00e9moire est le sympt\u00f4me le plus connu de la maladie, mais il y a un autre aspect difficile \u00e0 g\u00e9rer de la pathologie, moins connu\u00a0: l\u2019agressivit\u00e9. Jacques Poussard en donne une illustration\u00a0: \u00ab\u00a0Une personne atteinte d\u2019Alzheimer peut par exemple se mettre \u00e0 tourner en rond dans une pi\u00e8ce, sans raison particuli\u00e8re. Elle peut devenir agressive si vous lui en faites la remarque.\u00a0\u00bb<\/p>\n<p>Pour soutenir les aidants, <a target=\"_self\" href=\"https:\/\/www.lanouvellerepublique.fr\/parthenay\/deux-sevres-france-alzheimer-leve-les-tabous-1743431199\" rel=\"nofollow noopener\">France Alzheimer 79<\/a> organise des formations de 14 heures, d\u00e9compos\u00e9es en cinq ou sept modules selon les besoins. \u00ab\u00a0Nous leur expliquons la maladie et ses sympt\u00f4mes, pour qu\u2019ils la comprennent mieux. Nous leur donnons \u00e9galement des astuces pour aider les malades au quotidien, et des conseils juridiques et financiers\u00a0\u00bb, explique Jacques Poussard.<\/p>\n<p>Mis bout \u00e0 bout, les activit\u00e9s, les temps de partage de leurs exp\u00e9riences et les entretiens individuels ou collectifs avec des psychologues aident les aidants \u00e0 se lib\u00e9rer.<\/p>\n<p>Des aidants \u00ab\u00a0transform\u00e9s\u00a0\u00bb<\/p>\n<p>Jacques Poussard et Sophie Pizon l\u2019assurent\u00a0: une partie des aidants sont \u00ab\u00a0transform\u00e9s\u00a0\u00bb par leur passage dans l\u2019association. Rencontrer des personnes dans la m\u00eame situation qu\u2019eux leur permet de cr\u00e9er de nouveaux liens et de retrouver le sourire. \u00ab\u00a0Aujourd\u2019hui, les aidants s\u2019entraident. Ils s\u2019invitent les uns les autres et f\u00eatent m\u00eame le r\u00e9veillon ensemble. R\u00e9cemment, ils ont organis\u00e9 une sortie \u00e0 la piscine et une raclette\u00a0\u00bb, d\u00e9clare Jacques Poussard, enthousiaste.<\/p>\n<p>Remercier les b\u00e9n\u00e9voles<\/p>\n<p>Pour f\u00eater les 40\u00a0ans de l\u2019Union nationale, France Alzheimer 79 organise une journ\u00e9e prolong\u00e9e \u00e0 destination de tous les b\u00e9n\u00e9voles de la r\u00e9gion Nouvelle-Aquitaine, pour les remercier de leur investissement, mercredi 9\u00a0avril 2025\u00a0: repas \u00e0 Coulon, visite guid\u00e9e du Marais poitevin en barque et repas au Magic Flonflon le soir \u00e0 Niort. Dans la matin\u00e9e du jeudi 10\u00a0avril\u00a0: visite de la ville de Niort et d\u00e9couverte du march\u00e9.<\/p>\n","protected":false},"excerpt":{"rendered":"Depuis quarante\u00a0ans, l\u2019Union nationale France Alzheimer informe, forme et accompagne les familles touch\u00e9es par la maladie d\u2019Alzheimer sur&hellip;\n","protected":false},"author":2,"featured_media":16415,"comment_status":"","ping_status":"","sticky":false,"template":"","format":"standard","meta":{"footnotes":""},"categories":[10],"tags":[1392,6753,2545,1011,27,72,6756,6752,6755,6754,71,2665],"class_list":{"0":"post-16414","1":"post","2":"type-post","3":"status-publish","4":"format-standard","5":"has-post-thumbnail","7":"category-sante","8":"tag-a-la-une-local","9":"tag-bressuire","10":"tag-deux-sevres","11":"tag-fr","12":"tag-france","13":"tag-health","14":"tag-melle","15":"tag-niort","16":"tag-parthenay","17":"tag-saint-maixent-lecole","18":"tag-sante","19":"tag-thouars"},"share_on_mastodon":{"url":"https:\/\/pubeurope.com\/@fr\/114317163402818390","error":""},"_links":{"self":[{"href":"https:\/\/www.europesays.com\/fr\/wp-json\/wp\/v2\/posts\/16414","targetHints":{"allow":["GET"]}}],"collection":[{"href":"https:\/\/www.europesays.com\/fr\/wp-json\/wp\/v2\/posts"}],"about":[{"href":"https:\/\/www.europesays.com\/fr\/wp-json\/wp\/v2\/types\/post"}],"author":[{"embeddable":true,"href":"https:\/\/www.europesays.com\/fr\/wp-json\/wp\/v2\/users\/2"}],"replies":[{"embeddable":true,"href":"https:\/\/www.europesays.com\/fr\/wp-json\/wp\/v2\/comments?post=16414"}],"version-history":[{"count":0,"href":"https:\/\/www.europesays.com\/fr\/wp-json\/wp\/v2\/posts\/16414\/revisions"}],"wp:featuredmedia":[{"embeddable":true,"href":"https:\/\/www.europesays.com\/fr\/wp-json\/wp\/v2\/media\/16415"}],"wp:attachment":[{"href":"https:\/\/www.europesays.com\/fr\/wp-json\/wp\/v2\/media?parent=16414"}],"wp:term":[{"taxonomy":"category","embeddable":true,"href":"https:\/\/www.europesays.com\/fr\/wp-json\/wp\/v2\/categories?post=16414"},{"taxonomy":"post_tag","embeddable":true,"href":"https:\/\/www.europesays.com\/fr\/wp-json\/wp\/v2\/tags?post=16414"}],"curies":[{"name":"wp","href":"https:\/\/api.w.org\/{rel}","templated":true}]}}