{"id":164144,"date":"2025-06-09T21:32:08","date_gmt":"2025-06-09T21:32:08","guid":{"rendered":"https:\/\/www.europesays.com\/fr\/164144\/"},"modified":"2025-06-09T21:32:08","modified_gmt":"2025-06-09T21:32:08","slug":"les-pirates-de-royan-relegues-pour-insuffisances-financieres","status":"publish","type":"post","link":"https:\/\/www.europesays.com\/fr\/164144\/","title":{"rendered":"les Pirates de Royan rel\u00e9gu\u00e9s pour \u201cinsuffisances financi\u00e8res\u201d"},"content":{"rendered":"<p>La DNACG (direction nationale d\u2019aide et de contr\u00f4le de gestion) de volley-ball a annonc\u00e9, jeudi 5\u00a0juin, au Royan Atlantique Volley-Ball (Ligue B) sa rel\u00e9gation dans une division inf\u00e9rieure. \u00ab\u00a0Nous l\u2019avons appris par t\u00e9l\u00e9phone. On nous reproche des insuffisances financi\u00e8res\u00a0\u00bb, d\u00e9voile David Guelle, le pr\u00e9sident du club, qui doit trouver 100\u00a0000\u00a0euros pour que son budget soit valid\u00e9.<\/p>\n<p>\u00ab\u00a0Mais nous ne savons pas dans quelle division nous allons \u00eatre revers\u00e9s, c\u2019est du ressort de la F\u00e9d\u00e9ration fran\u00e7aise de volley\u00a0\u00bb, compl\u00e8te le dirigeant-joueur. Il semble donc que l\u2019appel \u00e0 <a href=\"https:\/\/www.sudouest.fr\/sport\/volley-ball\/volley-ball-a-royan-ligue-b-david-guelle-la-situation-va-se-debloquer-au-dernier-moment-24551091.php\" rel=\"nofollow noopener\" target=\"_blank\">destination des collectivit\u00e9s locales<\/a> n\u2019ait pas \u00e9t\u00e9 suivi d\u2019effets. \u00ab\u00a0Rien n\u2019a boug\u00e9 de ce c\u00f4t\u00e9\u00a0\u00bb, confirme David Guelle qui demeure \u00ab\u00a0combatif\u00a0\u00bb.<\/p>\n<p>Les Pirates vont ainsi faire appel de cette d\u00e9cision et devront patienter jusqu\u2019au 4\u00a0juillet pour conna\u00eetre leur sort d\u00e9finitif. Derniers du championnat, les Royannais n\u2019avaient pas \u00e9t\u00e9 rel\u00e9gu\u00e9s sportivement (la Ligue nationale de volley n\u2019avait pr\u00e9vu aucune descente) mais c\u2019est d\u00e9sormais le cas pour des raisons financi\u00e8res.<\/p>\n","protected":false},"excerpt":{"rendered":"La DNACG (direction nationale d\u2019aide et de contr\u00f4le de gestion) de volley-ball a annonc\u00e9, jeudi 5\u00a0juin, au Royan&hellip;\n","protected":false},"author":2,"featured_media":164145,"comment_status":"","ping_status":"","sticky":false,"template":"","format":"standard","meta":{"footnotes":""},"categories":[1417],"tags":[1011,27,60,1470,1469],"class_list":{"0":"post-164144","1":"post","2":"type-post","3":"status-publish","4":"format-standard","5":"has-post-thumbnail","7":"category-volley","8":"tag-fr","9":"tag-france","10":"tag-sports","11":"tag-volley","12":"tag-volleyball"},"share_on_mastodon":{"url":"https:\/\/pubeurope.com\/@fr\/114655549829254235","error":""},"_links":{"self":[{"href":"https:\/\/www.europesays.com\/fr\/wp-json\/wp\/v2\/posts\/164144","targetHints":{"allow":["GET"]}}],"collection":[{"href":"https:\/\/www.europesays.com\/fr\/wp-json\/wp\/v2\/posts"}],"about":[{"href":"https:\/\/www.europesays.com\/fr\/wp-json\/wp\/v2\/types\/post"}],"author":[{"embeddable":true,"href":"https:\/\/www.europesays.com\/fr\/wp-json\/wp\/v2\/users\/2"}],"replies":[{"embeddable":true,"href":"https:\/\/www.europesays.com\/fr\/wp-json\/wp\/v2\/comments?post=164144"}],"version-history":[{"count":0,"href":"https:\/\/www.europesays.com\/fr\/wp-json\/wp\/v2\/posts\/164144\/revisions"}],"wp:featuredmedia":[{"embeddable":true,"href":"https:\/\/www.europesays.com\/fr\/wp-json\/wp\/v2\/media\/164145"}],"wp:attachment":[{"href":"https:\/\/www.europesays.com\/fr\/wp-json\/wp\/v2\/media?parent=164144"}],"wp:term":[{"taxonomy":"category","embeddable":true,"href":"https:\/\/www.europesays.com\/fr\/wp-json\/wp\/v2\/categories?post=164144"},{"taxonomy":"post_tag","embeddable":true,"href":"https:\/\/www.europesays.com\/fr\/wp-json\/wp\/v2\/tags?post=164144"}],"curies":[{"name":"wp","href":"https:\/\/api.w.org\/{rel}","templated":true}]}}