{"id":164158,"date":"2025-06-09T21:41:13","date_gmt":"2025-06-09T21:41:13","guid":{"rendered":"https:\/\/www.europesays.com\/fr\/164158\/"},"modified":"2025-06-09T21:41:13","modified_gmt":"2025-06-09T21:41:13","slug":"frederique-delbos-et-thierry-lariviere-exposent-a-la-ptite-galerie","status":"publish","type":"post","link":"https:\/\/www.europesays.com\/fr\/164158\/","title":{"rendered":"Fr\u00e9d\u00e9rique Delbos et Thierry Larivi\u00e8re exposent \u00e0 La P&rsquo;tite Galerie"},"content":{"rendered":"<p>            Par<br \/>\n        <strong><br \/>\n            <a href=\"https:\/\/actu.fr\/auteur\/redaction-pa\" title=\"Consulter tous les articles de R\u00e9daction Le Pays d&#039;Auge\" target=\"_blank\" rel=\"noopener\">R\u00e9daction Le Pays d&rsquo;Auge<\/a><br \/>\n        <\/strong><\/p>\n<p>        Publi\u00e9 le<\/p>\n<p>            8 juin 2025 \u00e0 18h46        <\/p>\n<p>Dix associ\u00e9s, tous artistes et tous b\u00e9n\u00e9voles, voil\u00e0 de quoi est constitu\u00e9e <a href=\"https:\/\/actu.fr\/normandie\/honfleur_14333\/honfleur-muriel-cambier-et-nuvia-renouf-a-la-ptite-galerie_62562393.html\" target=\"_blank\" rel=\"noopener\">La P\u2019tite Galerie <\/a>de <a href=\"https:\/\/actu.fr\/normandie\/honfleur_14333\" target=\"_blank\" rel=\"noopener\">Honfleur<\/a> (Calvados). Sa cr\u00e9ation depuis <b>2013<\/b> est le fruit d\u2019une longue r\u00e9flexion sur la n\u00e9cessit\u00e9 absolue d\u2019aider et de promouvoir des <b>artistes talentueux.<\/b> L\u2019exposition actuelle accueille deux invit\u00e9s et permet d\u2019entrer dans deux univers diff\u00e9rents<\/p>\n<p class=\" wall-content\"><b>Fr\u00e9d\u00e9rique Delbos<\/b> pr\u00e9sente une <b>trentaine<\/b> de tableaux, figuratifs pour la plupart, mais parfois avec des sujets <b>hyperr\u00e9alistes<\/b>, des v\u00e9los, des paysages un peu fantaisistes, \u00e0 la Magritte\u2009! \u00ab\u2009Je pr\u00e9pare mes expositions comme une promenade, c\u2019est toujours fluide, il y a une ambiance\u2009\u00bb.<\/p>\n<p>Une toile toujours pr\u00eate \u00e0 peindre<\/p>\n<p class=\" wall-content\">Artiste jusqu\u2019au bout des ongles, elle a un credo dans sa vie\u2009: <b>l\u2019enseignement<\/b> pour le m\u00e9tier, la <b>peinture<\/b> pour passion, <b>trois enfants<\/b> pour la vie, et maintenant quelques petits\u2009! Institutrice de formation, elle dit aimer la p\u00e9dagogie et dans sa maison, on peut peindre \u00e0 toute heure, il y a toujours une toile pr\u00eate\u2009!<\/p>\n<p class=\" wall-content\">Elle a \u00e9t\u00e9 choisie pour la seconde fois par<a href=\"https:\/\/actu.fr\/normandie\/honfleur_14333\/honfleur-la-3e-edition-du-salon-dessin-et-aquarelle-de-la-ptite-galerie_62272364.html\" target=\"_blank\" rel=\"noopener\"> Erik de Saint-Pierre,<\/a> fondateur de la galerie, \u00ab\u2009car tu es la seule \u00e0 peindre des v\u00e9los\u2009!\u2009\u00bb, dit-il. Elle peint les v\u00e9los \u00e0 la verticale, comme un personnage\u2009: \u00ab\u2009Ici, ce sont des estampes, mais sinon, ils sont quasiment grandeur nature, \u00e7a anime toujours les expositions. Et il y aura une relation avec le <a href=\"https:\/\/actu.fr\/tour-de-france\/\" target=\"_blank\" rel=\"noopener\">Tour de France <\/a>qui va passer \u00e0 Rouen\u2009!<\/p>\n<blockquote class=\"ac-article-quote wall-content\">\n<p>\u00ab Ce fut un challenge difficile \u00e0 relever mais je l\u2019ai fait pour encourager mon fils, qui passait aussi par des moments difficiles dans ses \u00e9tudes de m\u00e9decine\u2009\u00bb.<\/p>\n<p>Fr\u00e9d\u00e9rique Delbos.<\/p><\/blockquote>\n<p class=\" wall-content\">Elle peint aussi en ext\u00e9rieur sur le <b>motif<\/b>, car elle aime peindre et elle aime la nature, \u00ab\u2009l\u2019ensemble des deux me pla\u00eet\u2009!\u2009\u00bb Apr\u00e8s quinze expositions personnelles, la peinture reste depuis toujours pour elle une bulle de s\u00e9r\u00e9nit\u00e9.<\/p>\n<p>Vid\u00e9os : en ce moment sur Actu<\/p>\n<blockquote class=\"ac-article-quote wall-content\">\n<p>\u00ab\u2009Mon premier tableau, je l\u2019ai fait \u00e0 cinq ans, pour la f\u00eate des M\u00e8res\u2009\u00bb.<\/p>\n<p>Fr\u00e9d\u00e9rique Delbos.<\/p><\/blockquote>\n<p>Le travail des lignes et des couleurs<\/p>\n<p class=\" wall-content\"><b>Thierry Larivi\u00e8re<\/b> pr\u00e9sente ici une vingtaine de <b>poteries<\/b> peintes.<\/p>\n<blockquote class=\"ac-article-quote wall-content\">\n<p>\u00ab\u2009Je travaille en improvisation sur les lignes, la forme et la couleur, ce sont les lignes qui d\u00e9finissent des formes, puis vient la couleur\u2009\u00bb.<\/p>\n<p>Thierry Larivi\u00e8re.<\/p><\/blockquote>\n<p class=\" wall-content\">. C\u2019est une peinture <b>onirique et po\u00e9tique,<\/b> un travail spontan\u00e9, imaginaire, mais dans le fond tr\u00e8s r\u00e9fl\u00e9chi, une r\u00e9flexion sur les rapports de couleurs, de formes\u2009: \u00ab\u2009Je pratique une peinture proche de l\u2019automatisme, dans laquelle les formes sont des \u00eatres objets qui prennent vie, en interaction les uns avec les autres. La couleur et la ligne construisent l\u2019espace avec autant de force l\u2019une que l\u2019autre, et dans cet univers en mouvement, chacun peut imaginer une histoire personnelle\u2009\u00bb.<\/p>\n<blockquote class=\"ac-article-quote wall-content\">\n<p>\u00ab\u2009Mon dipl\u00f4me le plus int\u00e9ressant est celui de peintre en d\u00e9coration, r\u00e9aliser des peintures murales en trompe-l\u2019\u0153il\u2009\u00bb.<\/p>\n<\/blockquote>\n<p class=\" wall-content\"><b>Thierry Larivi\u00e8re.<\/b><\/p>\n<p class=\" wall-content\">La passion pour la peinture a commenc\u00e9 d\u00e8s l\u2019\u00e2ge de<b> 16\u00a0ans<\/b>, son p\u00e8re \u00e9tant aussi un peintre. Une premi\u00e8re exposition en 1981, puis des \u00e9tudes d\u2019art et un poste de professeur en arts plastiques en <b>France<\/b> et au <b>Maroc <\/b>ont fait de lui un peintre original, peu int\u00e9ress\u00e9 finalement par l\u2019enseignement, \u00e0 donner et \u00e0 recevoir.<\/p>\n<p>Exposition jusqu\u2019au 19 juin, La P\u2019tite Galerie, 22 rue des Lingots \u00e0 Honfleur. Ouverture tous les jours sauf le mardi, de 11h \u00e0 13h et de 14h \u00e0 19h, 09 81 75 11 33.<\/p>\n<p class=\" wall-content\">Suivez toute l\u2019actualit\u00e9 de vos villes et m\u00e9dias favoris en vous inscrivant \u00e0 <a href=\"https:\/\/moncompte.actu.fr\" title=\"D\u00e9couvez Mon Actu\" rel=\"nofollow noopener\" data-trk=\"{&quot;cta&quot;:{&quot;action&quot;:&quot;https:\\\/\\\/moncompte.actu.fr&quot;,&quot;category&quot;:&quot;mon compte&quot;,&quot;from&quot;:&quot;article footer&quot;,&quot;name&quot;:&quot;Mon actu&quot;,&quot;type&quot;:&quot;cta&quot;}}\" target=\"_blank\">Mon Actu<\/a>.<\/p>\n","protected":false},"excerpt":{"rendered":"Par R\u00e9daction Le Pays d&rsquo;Auge Publi\u00e9 le 8 juin 2025 \u00e0 18h46 Dix associ\u00e9s, tous artistes et tous&hellip;\n","protected":false},"author":2,"featured_media":164159,"comment_status":"","ping_status":"","sticky":false,"template":"","format":"standard","meta":{"footnotes":""},"categories":[1358],"tags":[1348,1384,1385,1386,58,59,1011,27,1652,24646],"class_list":{"0":"post-164158","1":"post","2":"type-post","3":"status-publish","4":"format-standard","5":"has-post-thumbnail","7":"category-arts-et-design","8":"tag-arts","9":"tag-arts-and-design","10":"tag-arts-et-design","11":"tag-design","12":"tag-divertissement","13":"tag-entertainment","14":"tag-fr","15":"tag-france","16":"tag-loisirs-culture","17":"tag-made-in-normandie"},"share_on_mastodon":{"url":"https:\/\/pubeurope.com\/@fr\/114655584820826568","error":""},"_links":{"self":[{"href":"https:\/\/www.europesays.com\/fr\/wp-json\/wp\/v2\/posts\/164158","targetHints":{"allow":["GET"]}}],"collection":[{"href":"https:\/\/www.europesays.com\/fr\/wp-json\/wp\/v2\/posts"}],"about":[{"href":"https:\/\/www.europesays.com\/fr\/wp-json\/wp\/v2\/types\/post"}],"author":[{"embeddable":true,"href":"https:\/\/www.europesays.com\/fr\/wp-json\/wp\/v2\/users\/2"}],"replies":[{"embeddable":true,"href":"https:\/\/www.europesays.com\/fr\/wp-json\/wp\/v2\/comments?post=164158"}],"version-history":[{"count":0,"href":"https:\/\/www.europesays.com\/fr\/wp-json\/wp\/v2\/posts\/164158\/revisions"}],"wp:featuredmedia":[{"embeddable":true,"href":"https:\/\/www.europesays.com\/fr\/wp-json\/wp\/v2\/media\/164159"}],"wp:attachment":[{"href":"https:\/\/www.europesays.com\/fr\/wp-json\/wp\/v2\/media?parent=164158"}],"wp:term":[{"taxonomy":"category","embeddable":true,"href":"https:\/\/www.europesays.com\/fr\/wp-json\/wp\/v2\/categories?post=164158"},{"taxonomy":"post_tag","embeddable":true,"href":"https:\/\/www.europesays.com\/fr\/wp-json\/wp\/v2\/tags?post=164158"}],"curies":[{"name":"wp","href":"https:\/\/api.w.org\/{rel}","templated":true}]}}