{"id":16416,"date":"2025-04-11T03:18:10","date_gmt":"2025-04-11T03:18:10","guid":{"rendered":"https:\/\/www.europesays.com\/fr\/16416\/"},"modified":"2025-04-11T03:18:10","modified_gmt":"2025-04-11T03:18:10","slug":"la-servante-ecarlate-une-saison-6-pleine-de-peripeties-circulaires-liberation","status":"publish","type":"post","link":"https:\/\/www.europesays.com\/fr\/16416\/","title":{"rendered":"\u00abLa Servante \u00e9carlate\u00bb, une saison 6 pleine de p\u00e9rip\u00e9ties circulaires \u2013 Lib\u00e9ration"},"content":{"rendered":"<p class=\"sc-cPiKLX AiZTS text-element\">Voici donc la sixi\u00e8me et derni\u00e8re saison de The Handmaid\u2019s Tale, soit environ la quatri\u00e8me de trop, l\u2019adaptation \u00e0 proprement parler de la Servante \u00e9carlate de <a href=\"https:\/\/www.liberation.fr\/livres\/2019\/12\/16\/margaret-atwood-la-maitresse-ecarlate_1769572\/\" target=\"_blank\" rel=\"noopener\">Margaret Atwood<\/a> ayant \u00e9t\u00e9 sold\u00e9e d\u00e8s la fin de la premi\u00e8re. Depuis lors, la s\u00e9rie de Bruce Miller s\u2019est charg\u00e9e non plus de d\u00e9crire la vie dans le bocal de la th\u00e9ocratie autoritaire, mais d\u2019\u00e9grener les p\u00e9rip\u00e9ties d\u2019une r\u00e9sistance ext\u00e9rieure. C\u2019est certes son bon droit, poliment reconnu par Atwood, autrice par ailleurs d\u2019une suite alternative (les Testaments, 2019) o\u00f9 certains virent une forme de dissidence sourde aux choix de la s\u00e9rie (elle s\u2019en d\u00e9fend). Mais c\u2019est dans tous les cas une mani\u00e8re de rentrer dans le rang : aux visions gla\u00e7antes d\u2019un totalitarisme christiano-sexuel se sont substitu\u00e9s les r\u00e9flexes de l\u2019\u00e9conomie t\u00e9loche \u2013 un tunnel infini de guet-apens, de cavales, d\u2019\u00e9chauffour\u00e9es et de conciliabules de part et d\u2019autre de la fronti\u00e8re s\u00e9parant le Canada de Gilead, le r\u00e9gime extr\u00e9miste ayant remplac\u00e9 les Etats-Unis.<\/p>\n<p class=\"sc-cPiKLX AiZTS text-element\">Cinq saisons que \u00e7a dure, et que June (Elisabeth Moss) a mut\u00e9 en une esp\u00e8ce de Jean Moulin increvable, courant apr\u00e8s sa fille kidnapp\u00e9e et accultur\u00e9e par les culs-b\u00e9nits, toujours \u00e0 \u00e7a de la r\u00e9cup\u00e9rer mais seulement presque, surfant aussi bien sur la br\u00e8che de la r\u00e9sistance que sur celle de ses sentiments ambivalents \u00e0 l\u2019\u00e9gard de son mari retrouv\u00e9 (O. T. Fag<\/p>\n","protected":false},"excerpt":{"rendered":"Voici donc la sixi\u00e8me et derni\u00e8re saison de The Handmaid\u2019s Tale, soit environ la quatri\u00e8me de trop, l\u2019adaptation&hellip;\n","protected":false},"author":2,"featured_media":16417,"comment_status":"","ping_status":"","sticky":false,"template":"","format":"standard","meta":{"footnotes":""},"categories":[8],"tags":[6759,58,59,73,6757,1011,27,6758],"class_list":{"0":"post-16416","1":"post","2":"type-post","3":"status-publish","4":"format-standard","5":"has-post-thumbnail","7":"category-divertissement","8":"tag-dictatures","9":"tag-divertissement","10":"tag-entertainment","11":"tag-etats-unis","12":"tag-feminisme","13":"tag-fr","14":"tag-france","15":"tag-me-too"},"share_on_mastodon":{"url":"https:\/\/pubeurope.com\/@fr\/114317171300481606","error":""},"_links":{"self":[{"href":"https:\/\/www.europesays.com\/fr\/wp-json\/wp\/v2\/posts\/16416","targetHints":{"allow":["GET"]}}],"collection":[{"href":"https:\/\/www.europesays.com\/fr\/wp-json\/wp\/v2\/posts"}],"about":[{"href":"https:\/\/www.europesays.com\/fr\/wp-json\/wp\/v2\/types\/post"}],"author":[{"embeddable":true,"href":"https:\/\/www.europesays.com\/fr\/wp-json\/wp\/v2\/users\/2"}],"replies":[{"embeddable":true,"href":"https:\/\/www.europesays.com\/fr\/wp-json\/wp\/v2\/comments?post=16416"}],"version-history":[{"count":0,"href":"https:\/\/www.europesays.com\/fr\/wp-json\/wp\/v2\/posts\/16416\/revisions"}],"wp:featuredmedia":[{"embeddable":true,"href":"https:\/\/www.europesays.com\/fr\/wp-json\/wp\/v2\/media\/16417"}],"wp:attachment":[{"href":"https:\/\/www.europesays.com\/fr\/wp-json\/wp\/v2\/media?parent=16416"}],"wp:term":[{"taxonomy":"category","embeddable":true,"href":"https:\/\/www.europesays.com\/fr\/wp-json\/wp\/v2\/categories?post=16416"},{"taxonomy":"post_tag","embeddable":true,"href":"https:\/\/www.europesays.com\/fr\/wp-json\/wp\/v2\/tags?post=16416"}],"curies":[{"name":"wp","href":"https:\/\/api.w.org\/{rel}","templated":true}]}}