{"id":164168,"date":"2025-06-09T21:46:15","date_gmt":"2025-06-09T21:46:15","guid":{"rendered":"https:\/\/www.europesays.com\/fr\/164168\/"},"modified":"2025-06-09T21:46:15","modified_gmt":"2025-06-09T21:46:15","slug":"elle-retarde-cet-examen-medical-pendant-8-ans-on-lui-diagnostique-un-cancer-a-33-ans","status":"publish","type":"post","link":"https:\/\/www.europesays.com\/fr\/164168\/","title":{"rendered":"Elle retarde cet examen m\u00e9dical pendant 8 ans, on lui diagnostique un cancer \u00e0 33 ans"},"content":{"rendered":"<p>Les campagnes de sensibilisation n\u2019ont de cesse d\u2019insister : gr\u00e2ce au frottis de d\u00e9pistage, le cancer du col de l\u2019ut\u00e9rus peut \u00eatre \u00e9vit\u00e9 dans 9 cas sur 10. Pourtant, beaucoup de femmes en \u00e2ge de faire cet examen repoussent les d\u00e9lais, par g\u00eane ou par manque d\u2019informations.<\/p>\n<p>C\u2019est le cas de Toyah Myall, une Britannique de 33 ans qui met aujourd\u2019hui en garde sur l\u2019importance de se faire d\u00e9pister. Ayant eu peur de r\u00e9aliser son frottis, cette m\u00e8re de quatre enfants s\u2019est finalement rendue \u00e0 l\u2019examen en f\u00e9vrier 2025.<\/p>\n<p><strong>\u00ab\u00a0Ces deux minutes m\u2019ont sauv\u00e9 la vie\u00a0\u00bb<\/strong><\/p>\n<p>Aupr\u00e8s du m\u00e9dia <a data-i13n=\"cpos:1;pos:1\" href=\"https:\/\/www.mirror.co.uk\/news\/health\/i-scared-go-test-eight-35358896\" rel=\"nofollow noopener\" target=\"_blank\" data-ylk=\"slk:The Mirror;cpos:1;pos:1;elm:context_link;itc:0;sec:content-canvas\" class=\"link \">The Mirror<\/a> qui relate son histoire, elle d\u00e9clare n\u2019avoir v\u00e9cu que \u00ab\u00a0deux minutes d\u2019inconfort\u00a0\u00bb. Deux semaines plus tard, courant mars, elle apprend finalement par t\u00e9l\u00e9phone un diagnostic terrible, avec huit ans de retard : Toyah Myall a contract\u00e9 le cancer du col de l\u2019ut\u00e9rus.<\/p>\n<p>La biopsie r\u00e9v\u00e8le des cellules canc\u00e9reuses anormales, sympt\u00f4me d&rsquo;un carcinome \u00e9pidermo\u00efde, un type de cancer du col de l&rsquo;ut\u00e9rus. La jeune maman passe alors deux s\u00e9ries de traitements au laser avant d\u2019obtenir des r\u00e9sultats positifs en mai 2025. D\u00e9sormais, la patiente anglaise sensibilise \u00e0 l\u2019importance de r\u00e9aliser un frottis sans retarder l\u2019\u00e9ch\u00e9ance.<\/p>\n<blockquote class=\"caas-blockquote\">\n<p>\u00ab\u00a0Ces deux minutes m&rsquo;ont sauv\u00e9 la vie. Je n&rsquo;avais aucun sympt\u00f4me. Ce fut de v\u00e9ritables montagnes russes\u00a0\u00bb, t\u00e9moigne-t-elle.<\/p>\n<\/blockquote>\n<p><strong>Un frottis tous les trois ans entre 25 et 65 ans<\/strong><\/p>\n<p>En France, un frottis est recommand\u00e9 <strong>tous les trois ans<\/strong>, si les r\u00e9sultats sont normaux, pour toutes les femmes entre 25 et 65 ans, rappelle<a data-i13n=\"cpos:2;pos:1\" href=\"https:\/\/sante-pratique-paris.fr\/depistages-dossier\/nouveau-depistage-cancer-col-de-luterus\/#:~:text=Les%20deux%20premiers%20tests%20sont,Haut%20Risque)%20lors%20du%20frottis.\" rel=\"nofollow noopener\" target=\"_blank\" data-ylk=\"slk:l\u2019Assurance maladie.;cpos:2;pos:1;elm:context_link;itc:0;sec:content-canvas\" class=\"link \"> l\u2019Assurance maladie.<\/a> Les <strong>deux premiers<\/strong> <strong>tests<\/strong> sont, eux, \u00e0 r\u00e9aliser \u00e0 1 an d\u2019intervalle. Le frottis peut \u00eatre r\u00e9alis\u00e9 par un.e m\u00e9decin g\u00e9n\u00e9raliste, un.e gyn\u00e9cologue, un.e sage-femme, \u00e0 l\u2019h\u00f4pital ou encore en laboratoire.<\/p>\n<p>Il permet de d\u00e9tecter des l\u00e9sions pr\u00e9canc\u00e9reuses, qui naissent souvent sans aucun autre sympt\u00f4me, et d\u2019\u00e9viter l\u2019\u00e9volution en cancer dans 90 % des cas. Le cancer du col de l\u2019ut\u00e9rus tue chaque ann\u00e9e 1000 femmes. Or, parmi la population concern\u00e9e (la tranche d\u2019\u00e2ge 25-65 ans), <strong>quatre femmes sur dix<\/strong> ne font pas de frottis cervico-ut\u00e9rin, ou pas assez.<\/p>\n<p>La <strong>vaccination contre les infections \u00e0 papillomavirus humains<\/strong> (HPV) est quant \u00e0 elle pr\u00e9conis\u00e9e pour toutes les jeunes filles entre 11 et 14 ans ; elle n\u00e9cessite deux ou trois injections et est aussi disponible pour les gar\u00e7ons depuis 2021.<\/p>\n<p>En cas de g\u00eane, une probl\u00e9matique que soul\u00e8ve le m\u00e9decin Martin Winckler aupr\u00e8s de <a data-i13n=\"cpos:3;pos:1\" href=\"https:\/\/www.lexpress.fr\/sciences-sante\/sante\/gyneco-pourquoi-40-des-femmes-ne-font-pas-de-frottis_1643014.html\" rel=\"nofollow noopener\" target=\"_blank\" data-ylk=\"slk:l\u2019Express;cpos:3;pos:1;elm:context_link;itc:0;sec:content-canvas\" class=\"link \">l\u2019Express<\/a>, il est important d\u2019opter pour un professionnel respectueux et en qui l\u2019on a confiance. \u00ab\u00a0On peut examiner autrement, comme ce qui se fait en Angleterre, c&rsquo;est-\u00e0-dire en allongeant la femme sur le c\u00f4t\u00e9. Et les patientes ne pas sont oblig\u00e9es de se d\u00e9shabiller enti\u00e8rement !\u00a0\u00bb, ajoute-t-il.<\/p>\n","protected":false},"excerpt":{"rendered":"Les campagnes de sensibilisation n\u2019ont de cesse d\u2019insister : gr\u00e2ce au frottis de d\u00e9pistage, le cancer du col&hellip;\n","protected":false},"author":2,"featured_media":164169,"comment_status":"","ping_status":"","sticky":false,"template":"","format":"standard","meta":{"footnotes":""},"categories":[10],"tags":[29690,29689,101,29688,1011,27,72,71,29691],"class_list":{"0":"post-164168","1":"post","2":"type-post","3":"status-publish","4":"format-standard","5":"has-post-thumbnail","7":"category-sante","8":"tag-33-ans","9":"tag-campagnes-de-sensibilisation","10":"tag-cancer","11":"tag-cancer-du-col-de-luterus","12":"tag-fr","13":"tag-france","14":"tag-health","15":"tag-sante","16":"tag-toyah-myall"},"share_on_mastodon":{"url":"https:\/\/pubeurope.com\/@fr\/114655604521959526","error":""},"_links":{"self":[{"href":"https:\/\/www.europesays.com\/fr\/wp-json\/wp\/v2\/posts\/164168","targetHints":{"allow":["GET"]}}],"collection":[{"href":"https:\/\/www.europesays.com\/fr\/wp-json\/wp\/v2\/posts"}],"about":[{"href":"https:\/\/www.europesays.com\/fr\/wp-json\/wp\/v2\/types\/post"}],"author":[{"embeddable":true,"href":"https:\/\/www.europesays.com\/fr\/wp-json\/wp\/v2\/users\/2"}],"replies":[{"embeddable":true,"href":"https:\/\/www.europesays.com\/fr\/wp-json\/wp\/v2\/comments?post=164168"}],"version-history":[{"count":0,"href":"https:\/\/www.europesays.com\/fr\/wp-json\/wp\/v2\/posts\/164168\/revisions"}],"wp:featuredmedia":[{"embeddable":true,"href":"https:\/\/www.europesays.com\/fr\/wp-json\/wp\/v2\/media\/164169"}],"wp:attachment":[{"href":"https:\/\/www.europesays.com\/fr\/wp-json\/wp\/v2\/media?parent=164168"}],"wp:term":[{"taxonomy":"category","embeddable":true,"href":"https:\/\/www.europesays.com\/fr\/wp-json\/wp\/v2\/categories?post=164168"},{"taxonomy":"post_tag","embeddable":true,"href":"https:\/\/www.europesays.com\/fr\/wp-json\/wp\/v2\/tags?post=164168"}],"curies":[{"name":"wp","href":"https:\/\/api.w.org\/{rel}","templated":true}]}}