{"id":164177,"date":"2025-06-09T21:51:10","date_gmt":"2025-06-09T21:51:10","guid":{"rendered":"https:\/\/www.europesays.com\/fr\/164177\/"},"modified":"2025-06-09T21:51:10","modified_gmt":"2025-06-09T21:51:10","slug":"le-recit-de-lenvoye-special-du-figaro-2","status":"publish","type":"post","link":"https:\/\/www.europesays.com\/fr\/164177\/","title":{"rendered":"le r\u00e9cit de l\u2019envoy\u00e9 sp\u00e9cial du Figaro"},"content":{"rendered":"<p><strong>REPORTAGE<\/strong> &#8211; Mohammed Sinwar se dissimulait dans un tunnel sous l\u2019H\u00f4pital europ\u00e9en de Khan Younes. Il est mort des suites d\u2019un bombardement isra\u00e9lien. \u00c9vacu\u00e9, l\u2019h\u00f4pital serait fonctionnel. Autour, tout est d\u00e9vast\u00e9.<\/p>\n<p class=\"fig-paragraph\">Le\u00a0<a href=\"http:\/\/www.lefigaro.fr\/flash-actu\/l-armee-israelienne-confirme-avoir-identifie-le-corps-de-mohammed-sinwar-chef-du-hamas-a-gaza-20250608\" target=\"_blank\" data-fig-type=\"NewsFlash\" rel=\"noopener nofollow\" data-gtm-custom-categorie=\"navigation\" data-gtm-custom-action=\"crossclick\" data-gtm-custom-label=\"Contextuel\" data-gtm-event=\"customEventSPE\" data-fig-domain=\"LEFIGARO\">chef du Hamas<\/a>\u00a0dans la bande de Gaza se terrait l\u00e0\u00a0: huit m\u00e8tres sous le sol, \u00e0 la verticale du service des urgences de l\u2019H\u00f4pital europ\u00e9en de\u00a0<a href=\"http:\/\/www.lefigaro.fr\/international\/gaza-une-frappe-israelienne-a-fait-11-morts-a-khan-younes-dont-trois-enfants-selon-la-defense-civile-du-territoire-20250503\" target=\"_blank\" data-fig-type=\"NewsFlash\" rel=\"noopener nofollow\" data-gtm-custom-categorie=\"navigation\" data-gtm-custom-action=\"crossclick\" data-gtm-custom-label=\"Contextuel\" data-gtm-event=\"customEventSPE\" data-fig-domain=\"LEFIGARO\">Khan Younes<\/a>, dans le sud de la\u00a0<a href=\"http:\/\/www.lefigaro.fr\/international\/dossier\/attaque-du-hamas-contre-israel-le-point-sur-la-situation\" target=\"_blank\" data-fig-type=\"Topic\" rel=\"noopener nofollow\" data-gtm-custom-categorie=\"navigation\" data-gtm-custom-action=\"crossclick\" data-gtm-custom-label=\"Contextuel\" data-gtm-event=\"customEventSPE\" data-fig-domain=\"LEFIGARO\">bande de Gaza<\/a>. \u00ab\u00a0Il se sentait en s\u00e9curit\u00e9 l\u00e0-dessous\u00a0\u00bb, rel\u00e8ve le brigadier g\u00e9n\u00e9ral Effie Defrin, le porte-parole de l\u2019arm\u00e9e isra\u00e9lienne.<\/p>\n<p class=\"fig-paragraph\">L\u2019h\u00f4pital a \u00e9t\u00e9 \u00e9vacu\u00e9. Une pelle m\u00e9canique a creus\u00e9 une tranch\u00e9e devant l\u2019entr\u00e9e des urgences. Au fond, un trou b\u00e9ant\u00a0: l\u2019entr\u00e9e du tunnel. Il faut s\u2019agripper \u00e0 une corde de rappel pour y p\u00e9n\u00e9trer. Les soldats de l\u2019unit\u00e9 sp\u00e9ciale Golani, qui ont investi les lieux, exigent que l\u2019on porte un masque. L\u2019odeur de la mort flotte dans le tunnel.<\/p>\n<p>Une frappe coordonn\u00e9e<\/p>\n<p class=\"fig-paragraph\">Le 13\u00a0mai, en fin d\u2019apr\u00e8s-midi, l\u2019arm\u00e9e isra\u00e9lienne a men\u00e9 une frappe coordonn\u00e9e sur l\u2019h\u00f4pital. Une vingtaine de bombes sont tomb\u00e9es, dont certaines con\u00e7ues pour d\u00e9truire les infrastructures souterraines. Selon la d\u00e9fense civile, dirig\u00e9e par le Hamas, 28\u00a0personnes ont \u00e9t\u00e9 tu\u00e9es, des dizaines bless\u00e9es par la frappe. \u00ab\u00a0Nous savions\u2026<\/p>\n<p class=\"fig-premium-paywall__infos\">\n        Cet article est r\u00e9serv\u00e9 aux abonn\u00e9s.        Il vous reste 88% \u00e0 d\u00e9couvrir.\n    <\/p>\n<p>                <img  data- alt=\"Le Figaro\" class=\"fig-img--complete fig-img\"\/><\/p>\n<p class=\"fig-premium-paywall__title\">Vente Flash<\/p>\n<p class=\"fig-premium-paywall__subtitle\">3,99\u20ac par mois pendant 12 mois. Sans engagement.<\/p>\n<p class=\"fig-premium-paywall__connect\">\n                D\u00e9j\u00e0 abonn\u00e9\u00a0?                <a class=\"fig-premium-paywall__connect-link\" href=\"https:\/\/connect.lefigaro.fr\/login?client=horizon_web&amp;type=main&amp;redirect_uri=https%3A%2F%2Fwww.lefigaro.fr%2Finternational%2Fdans-gaza-devastee-tsahal-devoile-la-derniere-cache-du-chef-du-hamas-le-recit-de-l-envoye-special-du-figaro-20250609\" data-js-gtm=\"{&quot;customCategorie&quot;: &quot;conversion&quot;, &quot;customAction&quot;: &quot;before_Landing_Connexion_paywall_auto&quot;, &quot;customLabel&quot;: &quot;bGVmaWdhcm8uZnJfXzFmMDQ1NDE4LTc4NDItNjhiYy05MzQ2LTBkZDdkNGE3MWVmOF9fQXJ0aWNsZQ==_Dans Gaza d\u00e9vast\u00e9e, Tsahal d\u00e9voile la derni\u00e8re cache du chef du Hamas\u00a0: le r\u00e9cit de l\u2019envoy\u00e9 sp\u00e9cial du &lt;i&gt;Figaro&lt;\/i&gt;_331&quot;, &quot;customIDSPE&quot;: &quot;bGVmaWdhcm8uZnJfXzFmMDQ1NDE4LTc4NDItNjhiYy05MzQ2LTBkZDdkNGE3MWVmOF9fQXJ0aWNsZQ==&quot;, &quot;event&quot;: &quot;customEventSPE&quot;}\" rel=\"nofollow noopener\" target=\"_blank\"><br \/>\n                    Connectez-vous<br \/>\n                <\/a>\n            <\/p>\n","protected":false},"excerpt":{"rendered":"REPORTAGE &#8211; Mohammed Sinwar se dissimulait dans un tunnel sous l\u2019H\u00f4pital europ\u00e9en de Khan Younes. Il est mort&hellip;\n","protected":false},"author":2,"featured_media":164178,"comment_status":"","ping_status":"","sticky":false,"template":"","format":"standard","meta":{"footnotes":""},"categories":[5],"tags":[259,11,260,1011,27,665,14,664,261,12,262,28],"class_list":{"0":"post-164177","1":"post","2":"type-post","3":"status-publish","4":"format-standard","5":"has-post-thumbnail","7":"category-international","8":"tag-actualite-internationale","9":"tag-actualites","10":"tag-affaires-etrangeres","11":"tag-fr","12":"tag-france","13":"tag-gaza","14":"tag-international","15":"tag-israel","16":"tag-ministere-des-affaires-etrangeres","17":"tag-news","18":"tag-politique-etrangere","19":"tag-world"},"share_on_mastodon":{"url":"https:\/\/pubeurope.com\/@fr\/114655624095061996","error":""},"_links":{"self":[{"href":"https:\/\/www.europesays.com\/fr\/wp-json\/wp\/v2\/posts\/164177","targetHints":{"allow":["GET"]}}],"collection":[{"href":"https:\/\/www.europesays.com\/fr\/wp-json\/wp\/v2\/posts"}],"about":[{"href":"https:\/\/www.europesays.com\/fr\/wp-json\/wp\/v2\/types\/post"}],"author":[{"embeddable":true,"href":"https:\/\/www.europesays.com\/fr\/wp-json\/wp\/v2\/users\/2"}],"replies":[{"embeddable":true,"href":"https:\/\/www.europesays.com\/fr\/wp-json\/wp\/v2\/comments?post=164177"}],"version-history":[{"count":0,"href":"https:\/\/www.europesays.com\/fr\/wp-json\/wp\/v2\/posts\/164177\/revisions"}],"wp:featuredmedia":[{"embeddable":true,"href":"https:\/\/www.europesays.com\/fr\/wp-json\/wp\/v2\/media\/164178"}],"wp:attachment":[{"href":"https:\/\/www.europesays.com\/fr\/wp-json\/wp\/v2\/media?parent=164177"}],"wp:term":[{"taxonomy":"category","embeddable":true,"href":"https:\/\/www.europesays.com\/fr\/wp-json\/wp\/v2\/categories?post=164177"},{"taxonomy":"post_tag","embeddable":true,"href":"https:\/\/www.europesays.com\/fr\/wp-json\/wp\/v2\/tags?post=164177"}],"curies":[{"name":"wp","href":"https:\/\/api.w.org\/{rel}","templated":true}]}}