{"id":164187,"date":"2025-06-09T21:56:20","date_gmt":"2025-06-09T21:56:20","guid":{"rendered":"https:\/\/www.europesays.com\/fr\/164187\/"},"modified":"2025-06-09T21:56:20","modified_gmt":"2025-06-09T21:56:20","slug":"plusieurs-centaines-de-personnes-se-rassemblent-en-soutien-a-la-flottille-de-la-liberte-place-stanislas","status":"publish","type":"post","link":"https:\/\/www.europesays.com\/fr\/164187\/","title":{"rendered":"plusieurs centaines de personnes se rassemblent en soutien \u00e0 la \u00ab\u00a0Flottille de la libert\u00e9\u00a0\u00bb place Stanislas"},"content":{"rendered":"<p>Avec un appel lanc\u00e9 dans la journ\u00e9e, un jour f\u00e9ri\u00e9, le succ\u00e8s pouvait sembler difficile \u00e0 atteindre. Mais ce sont bien des centaines de personnes qui se sont retrouv\u00e9es <a href=\"https:\/\/www.estrepublicain.fr\/p\/place-stanislas\" target=\"_blank\" rel=\"noopener\">place Stanislas<\/a>, \u00e0 l\u2019appel de plusieurs organisations de gauche pour protester <a href=\"https:\/\/www.estrepublicain.fr\/videos\/l-arraisonnement-du-navire-le-madleen-par-les-autorites-israeliennes-30qkqvu?playlist=qls5zz\" target=\"_blank\" rel=\"noopener\">contre l\u2019arraisonnement d\u2019un navire d\u2019aide humanitaire par la marine d\u2019Isra\u00ebl.<\/a><\/p>\n<p>La police, venue s\u2019assurer que tout \u00e9tait calme, avec des personnels de la gendarmerie, estimait pour sa part le nombre de manifestants \u00e0 350 personnes.<\/p>\n<p>La demande d&rsquo;une coalition internationale<\/p>\n<p>Le Madleen, un navire d\u2019aide humanitaire, comptait passer le blocus impos\u00e9 par Isra\u00ebl \u00e0 la bande de Gaza, mais a \u00e9t\u00e9 intercept\u00e9 par des navires de guerre. Parmi les passagers, se trouvent Greta Thunberg et six Fran\u00e7ais, dont l\u2019eurod\u00e9put\u00e9 Rima Hassan (LFI).<\/p>\n<p>\u00ab\u00a0Nous demandons une coalition internationale pour forcer le blocus, a lanc\u00e9 un des porte-parole des organisateurs, au pied de la statue de Stanislas. Isra\u00ebl d\u00e9pend des pays occidentaux pour tous ses approvisionnements. Il faut prendre des sanctions, arr\u00eater de livrer des armes. Cela demande un peu de volont\u00e9 et de courage politique, c\u2019est tout ce que nous demandons.\u00a0\u00bb<\/p>\n<p>Peu avant 19 h30, une partie des manifestants est partie en cort\u00e8ge dans le centre-ville scandant \u00ab\u00a0Gaza, Nancy est avec toi\u00a0\u00bb.<\/p>\n","protected":false},"excerpt":{"rendered":"Avec un appel lanc\u00e9 dans la journ\u00e9e, un jour f\u00e9ri\u00e9, le succ\u00e8s pouvait sembler difficile \u00e0 atteindre. Mais&hellip;\n","protected":false},"author":2,"featured_media":164188,"comment_status":"","ping_status":"","sticky":false,"template":"","format":"standard","meta":{"footnotes":""},"categories":[9635],"tags":[1111,11,3206,1707,1704,1706,1705,1777,674,1011,27,775,664,1702,1703,12,3518,25,104],"class_list":{"0":"post-164187","1":"post","2":"type-post","3":"status-publish","4":"format-standard","5":"has-post-thumbnail","7":"category-nancy","8":"tag-actu","9":"tag-actualites","10":"tag-defense-guerre-conflit","11":"tag-edition-luneville","12":"tag-edition-nancy-et-agglomeration","13":"tag-edition-pont-a-mousson","14":"tag-edition-toul","15":"tag-eu","16":"tag-europe","17":"tag-fr","18":"tag-france","19":"tag-grand-est","20":"tag-israel","21":"tag-nancy","22":"tag-nancy-ville-54b","23":"tag-news","24":"tag-palestine","25":"tag-republique-francaise","26":"tag-societe"},"share_on_mastodon":{"url":"https:\/\/pubeurope.com\/@fr\/114655643926694374","error":""},"_links":{"self":[{"href":"https:\/\/www.europesays.com\/fr\/wp-json\/wp\/v2\/posts\/164187","targetHints":{"allow":["GET"]}}],"collection":[{"href":"https:\/\/www.europesays.com\/fr\/wp-json\/wp\/v2\/posts"}],"about":[{"href":"https:\/\/www.europesays.com\/fr\/wp-json\/wp\/v2\/types\/post"}],"author":[{"embeddable":true,"href":"https:\/\/www.europesays.com\/fr\/wp-json\/wp\/v2\/users\/2"}],"replies":[{"embeddable":true,"href":"https:\/\/www.europesays.com\/fr\/wp-json\/wp\/v2\/comments?post=164187"}],"version-history":[{"count":0,"href":"https:\/\/www.europesays.com\/fr\/wp-json\/wp\/v2\/posts\/164187\/revisions"}],"wp:featuredmedia":[{"embeddable":true,"href":"https:\/\/www.europesays.com\/fr\/wp-json\/wp\/v2\/media\/164188"}],"wp:attachment":[{"href":"https:\/\/www.europesays.com\/fr\/wp-json\/wp\/v2\/media?parent=164187"}],"wp:term":[{"taxonomy":"category","embeddable":true,"href":"https:\/\/www.europesays.com\/fr\/wp-json\/wp\/v2\/categories?post=164187"},{"taxonomy":"post_tag","embeddable":true,"href":"https:\/\/www.europesays.com\/fr\/wp-json\/wp\/v2\/tags?post=164187"}],"curies":[{"name":"wp","href":"https:\/\/api.w.org\/{rel}","templated":true}]}}